 {"id":4099,"date":"2025-10-09T13:38:52","date_gmt":"2025-10-09T16:38:52","guid":{"rendered":"https:\/\/obspenalbrumadinho.com.br\/?p=4099"},"modified":"2025-10-09T13:38:52","modified_gmt":"2025-10-09T16:38:52","slug":"cassacao-de-15-engenheiros-pelo-crea-mg-reforca-avancos-na-responsabilizacao-pela-tragedia-de-brumadinho","status":"publish","type":"post","link":"https:\/\/obspenalbrumadinho.com.br\/de\/cassacao-de-15-engenheiros-pelo-crea-mg-reforca-avancos-na-responsabilizacao-pela-tragedia-de-brumadinho\/","title":{"rendered":"Cassa\u00e7\u00e3o de 15 engenheiros pelo Crea-MG refor\u00e7a avan\u00e7os na responsabiliza\u00e7\u00e3o pela trag\u00e9dia de Brumadinho"},"content":{"rendered":"<p>O Crea-MG confirmou o cancelamento definitivo dos registros profissionais de 15 engenheiros vinculados \u00e0 Vale S.A. e \u00e0 T\u00fcv S\u00fcd, por envolvimento no rompimento da barragem da Mina do C\u00f3rrego do Feij\u00e3o, em Brumadinho. As decis\u00f5es, que j\u00e1 transitaram em julgado, impedem os profissionais de continuar exercendo suas fun\u00e7\u00f5es e marcam um passo importante na responsabiliza\u00e7\u00e3o t\u00e9cnica pela trag\u00e9dia-crime de 2019, que deixou 272 mortos.<\/p>\n<p>As medidas foram resultado de longos e rigorosos processos \u00e9tico-disciplinares conduzidos pelo Conselho Regional de Engenharia e Agronomia de Minas Gerais (Crea-MG), com base nas Anota\u00e7\u00f5es de Responsabilidade T\u00e9cnica (ARTs) relacionadas \u00e0 estrutura que se rompeu.<\/p>\n<p>Danilo Chammas, advogado da equipe de lit\u00edgio em direitos humanos, do Instituto Cordilheira, representante da AVABRUM &#8211; Associa\u00e7\u00e3o dos Familiares de V\u00edtimas e Atingidos pelo Rompimento da Barragem Mina C\u00f3rrego do Feij\u00e3o, nos processos criminais, afirmou que as decis\u00f5es \u201cmostram a gravidade das condutas dos engenheiros e a contund\u00eancia das provas existentes sobre a colabora\u00e7\u00e3o decisiva deles para as 272 mortes e toda a devasta\u00e7\u00e3o ambiental\u201d.<\/p>\n<p>Segundo Chammas, a expectativa \u00e9 de que o Poder Judici\u00e1rio tamb\u00e9m cumpra o seu papel \u201cno sentido da responsabiliza\u00e7\u00e3o criminal pelos homic\u00eddios dolosos e crimes ambientais praticados por essas mesmas pessoas\u201d. Ele refor\u00e7ou ainda que \u201cuma puni\u00e7\u00e3o rigorosa \u00e9 a \u00fanica medida eficaz para que fatos como esses nunca mais se repitam\u201d.<\/p>\n<p>Nos pr\u00f3ximos dias, o Superior Tribunal de Justi\u00e7a (STJ) deve concluir o julgamento que pode restabelecer a den\u00fancia contra o ex-presidente da Vale, F\u00e1bio Schvartsman, pelos crimes de homic\u00eddio doloso e crime ambiental.<\/p>\n<p>O in\u00edcio das audi\u00eancias de instru\u00e7\u00e3o e julgamento das a\u00e7\u00f5es penais est\u00e1 previsto para 2026, quando dever\u00e3o ser ouvidas testemunhas e r\u00e9us.<\/p>\n<p>\u201c\u00c9 muito importante que a sociedade acompanhe com aten\u00e7\u00e3o o desenrolar desse processo\u201d, destacou Chammas.<\/p>\n<p>Em nota, o Crea-MG destacou que a medida n\u00e3o repara as perdas humanas e ambientais causadas pelo rompimento, mas reafirma o compromisso da institui\u00e7\u00e3o com a \u00e9tica e a seguran\u00e7a. O Conselho tamb\u00e9m ressaltou que atua com responsabilidade e transpar\u00eancia para garantir que trag\u00e9dias como a de Brumadinho n\u00e3o se repitam.<\/p>\n","protected":false},"excerpt":{"rendered":"<p>O Crea-MG confirmou o cancelamento definitivo dos registros profissionais de 15 engenheiros vinculados \u00e0 Vale S.A. e \u00e0 T\u00fcv S\u00fcd, por envolvimento no rompimento da barragem da Mina do C\u00f3rrego do Feij\u00e3o, em Brumadinho. As decis\u00f5es, que j\u00e1 transitaram em [&hellip;]<\/p>\n","protected":false},"author":5,"featured_media":4077,"comment_status":"open","ping_status":"open","sticky":false,"template":"","format":"standard","meta":{"_acf_changed":false,"footnotes":""},"categories":[90],"tags":[91],"class_list":["post-4099","post","type-post","status-publish","format-standard","has-post-thumbnail","hentry","category-6-anos-brumadinho","tag-justica-por-brumadinho"],"acf":[],"yoast_head":"<!-- This site is optimized with the Yoast SEO plugin v26.8 - https:\/\/yoast.com\/product\/yoast-seo-wordpress\/ -->\n<title>Cassa\u00e7\u00e3o de 15 engenheiros pelo Crea-MG refor\u00e7a avan\u00e7os na responsabiliza\u00e7\u00e3o pela trag\u00e9dia de Brumadinho - Observat\u00f3rio das A\u00e7\u00f5es Penais sobre a Trag\u00e9dia de Brumadinho<\/title>\n<meta name=\"description\" content=\"Cassa\u00e7\u00e3o de 15 engenheiros pelo Crea-MG refor\u00e7a avan\u00e7os na responsabiliza\u00e7\u00e3o pela trag\u00e9dia de Brumadinho - Observat\u00f3rio das A\u00e7\u00f5es Penais sobre a Trag\u00e9dia de Brumadinho\" \/>\n<meta name=\"robots\" content=\"index, follow, max-snippet:-1, max-image-preview:large, max-video-preview:-1\" \/>\n<link rel=\"canonical\" href=\"https:\/\/obspenalbrumadinho.com.br\/cassacao-de-15-engenheiros-pelo-crea-mg-reforca-avancos-na-responsabilizacao-pela-tragedia-de-brumadinho\/\" \/>\n<meta property=\"og:locale\" content=\"de_DE\" \/>\n<meta property=\"og:type\" content=\"article\" \/>\n<meta property=\"og:title\" content=\"Cassa\u00e7\u00e3o de 15 engenheiros pelo Crea-MG refor\u00e7a avan\u00e7os na responsabiliza\u00e7\u00e3o pela trag\u00e9dia de Brumadinho - Observat\u00f3rio das A\u00e7\u00f5es Penais sobre a Trag\u00e9dia de Brumadinho\" \/>\n<meta property=\"og:description\" content=\"Cassa\u00e7\u00e3o de 15 engenheiros pelo Crea-MG refor\u00e7a avan\u00e7os na responsabiliza\u00e7\u00e3o pela trag\u00e9dia de Brumadinho - Observat\u00f3rio das A\u00e7\u00f5es Penais sobre a Trag\u00e9dia de Brumadinho\" \/>\n<meta property=\"og:url\" content=\"https:\/\/obspenalbrumadinho.com.br\/cassacao-de-15-engenheiros-pelo-crea-mg-reforca-avancos-na-responsabilizacao-pela-tragedia-de-brumadinho\/\" \/>\n<meta property=\"og:site_name\" content=\"Observat\u00f3rio das A\u00e7\u00f5es Penais sobre a Trag\u00e9dia de Brumadinho\" \/>\n<meta property=\"article:published_time\" content=\"2025-10-09T16:38:52+00:00\" \/>\n<meta property=\"og:image\" content=\"https:\/\/obspenalbrumadinho.com.br\/wp-content\/uploads\/2025\/10\/2012037.jpg\" \/>\n\t<meta property=\"og:image:width\" content=\"1400\" \/>\n\t<meta property=\"og:image:height\" content=\"935\" \/>\n\t<meta property=\"og:image:type\" content=\"image\/jpeg\" \/>\n<meta name=\"author\" content=\"B\u00e1rbara Lu\u00edza\" \/>\n<meta name=\"twitter:card\" content=\"summary_large_image\" \/>\n<meta name=\"twitter:label1\" content=\"Written by\" \/>\n\t<meta name=\"twitter:data1\" content=\"B\u00e1rbara Lu\u00edza\" \/>\n\t<meta name=\"twitter:label2\" content=\"Est. reading time\" \/>\n\t<meta name=\"twitter:data2\" content=\"3 minutes\" \/>\n<script type=\"application\/ld+json\" class=\"yoast-schema-graph\">{\"@context\":\"https:\/\/schema.org\",\"@graph\":[{\"@type\":\"Article\",\"@id\":\"https:\/\/obspenalbrumadinho.com.br\/cassacao-de-15-engenheiros-pelo-crea-mg-reforca-avancos-na-responsabilizacao-pela-tragedia-de-brumadinho\/#article\",\"isPartOf\":{\"@id\":\"https:\/\/obspenalbrumadinho.com.br\/cassacao-de-15-engenheiros-pelo-crea-mg-reforca-avancos-na-responsabilizacao-pela-tragedia-de-brumadinho\/\"},\"author\":{\"name\":\"B\u00e1rbara Lu\u00edza\",\"@id\":\"https:\/\/obspenalbrumadinho.com.br\/#\/schema\/person\/6855aa9b88f9c59557d49afae67edd5b\"},\"headline\":\"Cassa\u00e7\u00e3o de 15 engenheiros pelo Crea-MG refor\u00e7a avan\u00e7os na responsabiliza\u00e7\u00e3o pela trag\u00e9dia de Brumadinho\",\"datePublished\":\"2025-10-09T16:38:52+00:00\",\"mainEntityOfPage\":{\"@id\":\"https:\/\/obspenalbrumadinho.com.br\/cassacao-de-15-engenheiros-pelo-crea-mg-reforca-avancos-na-responsabilizacao-pela-tragedia-de-brumadinho\/\"},\"wordCount\":393,\"commentCount\":0,\"publisher\":{\"@id\":\"https:\/\/obspenalbrumadinho.com.br\/#organization\"},\"image\":{\"@id\":\"https:\/\/obspenalbrumadinho.com.br\/cassacao-de-15-engenheiros-pelo-crea-mg-reforca-avancos-na-responsabilizacao-pela-tragedia-de-brumadinho\/#primaryimage\"},\"thumbnailUrl\":\"https:\/\/obspenalbrumadinho.com.br\/wp-content\/uploads\/2025\/10\/2012037.jpg\",\"keywords\":[\"justi\u00e7a por brumadinho\"],\"articleSection\":[\"6 anos Brumadinho\"],\"inLanguage\":\"de-DE\",\"potentialAction\":[{\"@type\":\"CommentAction\",\"name\":\"Comment\",\"target\":[\"https:\/\/obspenalbrumadinho.com.br\/cassacao-de-15-engenheiros-pelo-crea-mg-reforca-avancos-na-responsabilizacao-pela-tragedia-de-brumadinho\/#respond\"]}]},{\"@type\":\"WebPage\",\"@id\":\"https:\/\/obspenalbrumadinho.com.br\/cassacao-de-15-engenheiros-pelo-crea-mg-reforca-avancos-na-responsabilizacao-pela-tragedia-de-brumadinho\/\",\"url\":\"https:\/\/obspenalbrumadinho.com.br\/cassacao-de-15-engenheiros-pelo-crea-mg-reforca-avancos-na-responsabilizacao-pela-tragedia-de-brumadinho\/\",\"name\":\"Cassa\u00e7\u00e3o de 15 engenheiros pelo Crea-MG refor\u00e7a avan\u00e7os na responsabiliza\u00e7\u00e3o pela trag\u00e9dia de Brumadinho - Observat\u00f3rio das A\u00e7\u00f5es Penais sobre a Trag\u00e9dia de Brumadinho\",\"isPartOf\":{\"@id\":\"https:\/\/obspenalbrumadinho.com.br\/#website\"},\"primaryImageOfPage\":{\"@id\":\"https:\/\/obspenalbrumadinho.com.br\/cassacao-de-15-engenheiros-pelo-crea-mg-reforca-avancos-na-responsabilizacao-pela-tragedia-de-brumadinho\/#primaryimage\"},\"image\":{\"@id\":\"https:\/\/obspenalbrumadinho.com.br\/cassacao-de-15-engenheiros-pelo-crea-mg-reforca-avancos-na-responsabilizacao-pela-tragedia-de-brumadinho\/#primaryimage\"},\"thumbnailUrl\":\"https:\/\/obspenalbrumadinho.com.br\/wp-content\/uploads\/2025\/10\/2012037.jpg\",\"datePublished\":\"2025-10-09T16:38:52+00:00\",\"description\":\"Cassa\u00e7\u00e3o de 15 engenheiros pelo Crea-MG refor\u00e7a avan\u00e7os na responsabiliza\u00e7\u00e3o pela trag\u00e9dia de Brumadinho - Observat\u00f3rio das A\u00e7\u00f5es Penais sobre a Trag\u00e9dia de Brumadinho\",\"breadcrumb\":{\"@id\":\"https:\/\/obspenalbrumadinho.com.br\/cassacao-de-15-engenheiros-pelo-crea-mg-reforca-avancos-na-responsabilizacao-pela-tragedia-de-brumadinho\/#breadcrumb\"},\"inLanguage\":\"de-DE\",\"potentialAction\":[{\"@type\":\"ReadAction\",\"target\":[\"https:\/\/obspenalbrumadinho.com.br\/cassacao-de-15-engenheiros-pelo-crea-mg-reforca-avancos-na-responsabilizacao-pela-tragedia-de-brumadinho\/\"]}]},{\"@type\":\"ImageObject\",\"inLanguage\":\"de-DE\",\"@id\":\"https:\/\/obspenalbrumadinho.com.br\/cassacao-de-15-engenheiros-pelo-crea-mg-reforca-avancos-na-responsabilizacao-pela-tragedia-de-brumadinho\/#primaryimage\",\"url\":\"https:\/\/obspenalbrumadinho.com.br\/wp-content\/uploads\/2025\/10\/2012037.jpg\",\"contentUrl\":\"https:\/\/obspenalbrumadinho.com.br\/wp-content\/uploads\/2025\/10\/2012037.jpg\",\"width\":1400,\"height\":935},{\"@type\":\"BreadcrumbList\",\"@id\":\"https:\/\/obspenalbrumadinho.com.br\/cassacao-de-15-engenheiros-pelo-crea-mg-reforca-avancos-na-responsabilizacao-pela-tragedia-de-brumadinho\/#breadcrumb\",\"itemListElement\":[{\"@type\":\"ListItem\",\"position\":1,\"name\":\"Home\",\"item\":\"https:\/\/obspenalbrumadinho.com.br\/de\/\"},{\"@type\":\"ListItem\",\"position\":2,\"name\":\"Cassa\u00e7\u00e3o de 15 engenheiros pelo Crea-MG refor\u00e7a avan\u00e7os na responsabiliza\u00e7\u00e3o pela trag\u00e9dia de Brumadinho\"}]},{\"@type\":\"WebSite\",\"@id\":\"https:\/\/obspenalbrumadinho.com.br\/#website\",\"url\":\"https:\/\/obspenalbrumadinho.com.br\/\",\"name\":\"Observat\u00f3rio das A\u00e7\u00f5es Penais sobre a Trag\u00e9dia de Brumadinho\",\"description\":\"Observat\u00f3rio das a\u00e7\u00f5es penais sobre a trag\u00e9dia de Brumadinho: acompanhe processos criminais no Brasil e na Alemanha, acervo online e not\u00edcias em defesa da justi\u00e7a.\",\"publisher\":{\"@id\":\"https:\/\/obspenalbrumadinho.com.br\/#organization\"},\"potentialAction\":[{\"@type\":\"SearchAction\",\"target\":{\"@type\":\"EntryPoint\",\"urlTemplate\":\"https:\/\/obspenalbrumadinho.com.br\/?s={search_term_string}\"},\"query-input\":{\"@type\":\"PropertyValueSpecification\",\"valueRequired\":true,\"valueName\":\"search_term_string\"}}],\"inLanguage\":\"de-DE\"},{\"@type\":\"Organization\",\"@id\":\"https:\/\/obspenalbrumadinho.com.br\/#organization\",\"name\":\"Observat\u00f3rio das A\u00e7\u00f5es Penais sobre a Trag\u00e9dia de Brumadinho\",\"url\":\"https:\/\/obspenalbrumadinho.com.br\/\",\"logo\":{\"@type\":\"ImageObject\",\"inLanguage\":\"de-DE\",\"@id\":\"https:\/\/obspenalbrumadinho.com.br\/#\/schema\/logo\/image\/\",\"url\":\"https:\/\/obspenalbrumadinho.com.br\/wp-content\/uploads\/2026\/02\/OBS-Logo-2025_Horizontal-1-scaled.png\",\"contentUrl\":\"https:\/\/obspenalbrumadinho.com.br\/wp-content\/uploads\/2026\/02\/OBS-Logo-2025_Horizontal-1-scaled.png\",\"width\":2560,\"height\":1098,\"caption\":\"Observat\u00f3rio das A\u00e7\u00f5es Penais sobre a Trag\u00e9dia de Brumadinho\"},\"image\":{\"@id\":\"https:\/\/obspenalbrumadinho.com.br\/#\/schema\/logo\/image\/\"}},{\"@type\":\"Person\",\"@id\":\"https:\/\/obspenalbrumadinho.com.br\/#\/schema\/person\/6855aa9b88f9c59557d49afae67edd5b\",\"name\":\"B\u00e1rbara Lu\u00edza\",\"image\":{\"@type\":\"ImageObject\",\"inLanguage\":\"de-DE\",\"@id\":\"https:\/\/obspenalbrumadinho.com.br\/#\/schema\/person\/image\/\",\"url\":\"https:\/\/secure.gravatar.com\/avatar\/193c6c1ae50972eb0d7d95c5cb50f6359dd3af889bc017b18fd8758251c5a77f?s=96&d=mm&r=g\",\"contentUrl\":\"https:\/\/secure.gravatar.com\/avatar\/193c6c1ae50972eb0d7d95c5cb50f6359dd3af889bc017b18fd8758251c5a77f?s=96&d=mm&r=g\",\"caption\":\"B\u00e1rbara Lu\u00edza\"},\"sameAs\":[\"http:\/\/obspenalbrumadinho.com.br\"],\"url\":\"https:\/\/obspenalbrumadinho.com.br\/de\/author\/barbara\/\"}]}<\/script>\n<!-- \/ Yoast SEO plugin. -->","yoast_head_json":{"title":"Cassa\u00e7\u00e3o de 15 engenheiros pelo Crea-MG refor\u00e7a avan\u00e7os na responsabiliza\u00e7\u00e3o pela trag\u00e9dia de Brumadinho - Observat\u00f3rio das A\u00e7\u00f5es Penais sobre a Trag\u00e9dia de Brumadinho","description":"Cassa\u00e7\u00e3o de 15 engenheiros pelo Crea-MG refor\u00e7a avan\u00e7os na responsabiliza\u00e7\u00e3o pela trag\u00e9dia de Brumadinho - Observat\u00f3rio das A\u00e7\u00f5es Penais sobre a Trag\u00e9dia de Brumadinho","robots":{"index":"index","follow":"follow","max-snippet":"max-snippet:-1","max-image-preview":"max-image-preview:large","max-video-preview":"max-video-preview:-1"},"canonical":"https:\/\/obspenalbrumadinho.com.br\/cassacao-de-15-engenheiros-pelo-crea-mg-reforca-avancos-na-responsabilizacao-pela-tragedia-de-brumadinho\/","og_locale":"de_DE","og_type":"article","og_title":"Cassa\u00e7\u00e3o de 15 engenheiros pelo Crea-MG refor\u00e7a avan\u00e7os na responsabiliza\u00e7\u00e3o pela trag\u00e9dia de Brumadinho - Observat\u00f3rio das A\u00e7\u00f5es Penais sobre a Trag\u00e9dia de Brumadinho","og_description":"Cassa\u00e7\u00e3o de 15 engenheiros pelo Crea-MG refor\u00e7a avan\u00e7os na responsabiliza\u00e7\u00e3o pela trag\u00e9dia de Brumadinho - Observat\u00f3rio das A\u00e7\u00f5es Penais sobre a Trag\u00e9dia de Brumadinho","og_url":"https:\/\/obspenalbrumadinho.com.br\/cassacao-de-15-engenheiros-pelo-crea-mg-reforca-avancos-na-responsabilizacao-pela-tragedia-de-brumadinho\/","og_site_name":"Observat\u00f3rio das A\u00e7\u00f5es Penais sobre a Trag\u00e9dia de Brumadinho","article_published_time":"2025-10-09T16:38:52+00:00","og_image":[{"width":1400,"height":935,"url":"https:\/\/obspenalbrumadinho.com.br\/wp-content\/uploads\/2025\/10\/2012037.jpg","type":"image\/jpeg"}],"author":"B\u00e1rbara Lu\u00edza","twitter_card":"summary_large_image","twitter_misc":{"Written by":"B\u00e1rbara Lu\u00edza","Est. reading time":"3 minutes"},"schema":{"@context":"https:\/\/schema.org","@graph":[{"@type":"Article","@id":"https:\/\/obspenalbrumadinho.com.br\/cassacao-de-15-engenheiros-pelo-crea-mg-reforca-avancos-na-responsabilizacao-pela-tragedia-de-brumadinho\/#article","isPartOf":{"@id":"https:\/\/obspenalbrumadinho.com.br\/cassacao-de-15-engenheiros-pelo-crea-mg-reforca-avancos-na-responsabilizacao-pela-tragedia-de-brumadinho\/"},"author":{"name":"B\u00e1rbara Lu\u00edza","@id":"https:\/\/obspenalbrumadinho.com.br\/#\/schema\/person\/6855aa9b88f9c59557d49afae67edd5b"},"headline":"Cassa\u00e7\u00e3o de 15 engenheiros pelo Crea-MG refor\u00e7a avan\u00e7os na responsabiliza\u00e7\u00e3o pela trag\u00e9dia de Brumadinho","datePublished":"2025-10-09T16:38:52+00:00","mainEntityOfPage":{"@id":"https:\/\/obspenalbrumadinho.com.br\/cassacao-de-15-engenheiros-pelo-crea-mg-reforca-avancos-na-responsabilizacao-pela-tragedia-de-brumadinho\/"},"wordCount":393,"commentCount":0,"publisher":{"@id":"https:\/\/obspenalbrumadinho.com.br\/#organization"},"image":{"@id":"https:\/\/obspenalbrumadinho.com.br\/cassacao-de-15-engenheiros-pelo-crea-mg-reforca-avancos-na-responsabilizacao-pela-tragedia-de-brumadinho\/#primaryimage"},"thumbnailUrl":"https:\/\/obspenalbrumadinho.com.br\/wp-content\/uploads\/2025\/10\/2012037.jpg","keywords":["justi\u00e7a por brumadinho"],"articleSection":["6 anos Brumadinho"],"inLanguage":"de-DE","potentialAction":[{"@type":"CommentAction","name":"Comment","target":["https:\/\/obspenalbrumadinho.com.br\/cassacao-de-15-engenheiros-pelo-crea-mg-reforca-avancos-na-responsabilizacao-pela-tragedia-de-brumadinho\/#respond"]}]},{"@type":"WebPage","@id":"https:\/\/obspenalbrumadinho.com.br\/cassacao-de-15-engenheiros-pelo-crea-mg-reforca-avancos-na-responsabilizacao-pela-tragedia-de-brumadinho\/","url":"https:\/\/obspenalbrumadinho.com.br\/cassacao-de-15-engenheiros-pelo-crea-mg-reforca-avancos-na-responsabilizacao-pela-tragedia-de-brumadinho\/","name":"Cassa\u00e7\u00e3o de 15 engenheiros pelo Crea-MG refor\u00e7a avan\u00e7os na responsabiliza\u00e7\u00e3o pela trag\u00e9dia de Brumadinho - Observat\u00f3rio das A\u00e7\u00f5es Penais sobre a Trag\u00e9dia de Brumadinho","isPartOf":{"@id":"https:\/\/obspenalbrumadinho.com.br\/#website"},"primaryImageOfPage":{"@id":"https:\/\/obspenalbrumadinho.com.br\/cassacao-de-15-engenheiros-pelo-crea-mg-reforca-avancos-na-responsabilizacao-pela-tragedia-de-brumadinho\/#primaryimage"},"image":{"@id":"https:\/\/obspenalbrumadinho.com.br\/cassacao-de-15-engenheiros-pelo-crea-mg-reforca-avancos-na-responsabilizacao-pela-tragedia-de-brumadinho\/#primaryimage"},"thumbnailUrl":"https:\/\/obspenalbrumadinho.com.br\/wp-content\/uploads\/2025\/10\/2012037.jpg","datePublished":"2025-10-09T16:38:52+00:00","description":"Cassa\u00e7\u00e3o de 15 engenheiros pelo Crea-MG refor\u00e7a avan\u00e7os na responsabiliza\u00e7\u00e3o pela trag\u00e9dia de Brumadinho - Observat\u00f3rio das A\u00e7\u00f5es Penais sobre a Trag\u00e9dia de Brumadinho","breadcrumb":{"@id":"https:\/\/obspenalbrumadinho.com.br\/cassacao-de-15-engenheiros-pelo-crea-mg-reforca-avancos-na-responsabilizacao-pela-tragedia-de-brumadinho\/#breadcrumb"},"inLanguage":"de-DE","potentialAction":[{"@type":"ReadAction","target":["https:\/\/obspenalbrumadinho.com.br\/cassacao-de-15-engenheiros-pelo-crea-mg-reforca-avancos-na-responsabilizacao-pela-tragedia-de-brumadinho\/"]}]},{"@type":"ImageObject","inLanguage":"de-DE","@id":"https:\/\/obspenalbrumadinho.com.br\/cassacao-de-15-engenheiros-pelo-crea-mg-reforca-avancos-na-responsabilizacao-pela-tragedia-de-brumadinho\/#primaryimage","url":"https:\/\/obspenalbrumadinho.com.br\/wp-content\/uploads\/2025\/10\/2012037.jpg","contentUrl":"https:\/\/obspenalbrumadinho.com.br\/wp-content\/uploads\/2025\/10\/2012037.jpg","width":1400,"height":935},{"@type":"BreadcrumbList","@id":"https:\/\/obspenalbrumadinho.com.br\/cassacao-de-15-engenheiros-pelo-crea-mg-reforca-avancos-na-responsabilizacao-pela-tragedia-de-brumadinho\/#breadcrumb","itemListElement":[{"@type":"ListItem","position":1,"name":"Home","item":"https:\/\/obspenalbrumadinho.com.br\/de\/"},{"@type":"ListItem","position":2,"name":"Cassa\u00e7\u00e3o de 15 engenheiros pelo Crea-MG refor\u00e7a avan\u00e7os na responsabiliza\u00e7\u00e3o pela trag\u00e9dia de Brumadinho"}]},{"@type":"WebSite","@id":"https:\/\/obspenalbrumadinho.com.br\/#website","url":"https:\/\/obspenalbrumadinho.com.br\/","name":"Observat\u00f3rio das A\u00e7\u00f5es Penais sobre a Trag\u00e9dia de Brumadinho","description":"Observat\u00f3rio das a\u00e7\u00f5es penais sobre a trag\u00e9dia de Brumadinho: acompanhe processos criminais no Brasil e na Alemanha, acervo online e not\u00edcias em defesa da justi\u00e7a.","publisher":{"@id":"https:\/\/obspenalbrumadinho.com.br\/#organization"},"potentialAction":[{"@type":"SearchAction","target":{"@type":"EntryPoint","urlTemplate":"https:\/\/obspenalbrumadinho.com.br\/?s={search_term_string}"},"query-input":{"@type":"PropertyValueSpecification","valueRequired":true,"valueName":"search_term_string"}}],"inLanguage":"de-DE"},{"@type":"Organization","@id":"https:\/\/obspenalbrumadinho.com.br\/#organization","name":"Observat\u00f3rio das A\u00e7\u00f5es Penais sobre a Trag\u00e9dia de Brumadinho","url":"https:\/\/obspenalbrumadinho.com.br\/","logo":{"@type":"ImageObject","inLanguage":"de-DE","@id":"https:\/\/obspenalbrumadinho.com.br\/#\/schema\/logo\/image\/","url":"https:\/\/obspenalbrumadinho.com.br\/wp-content\/uploads\/2026\/02\/OBS-Logo-2025_Horizontal-1-scaled.png","contentUrl":"https:\/\/obspenalbrumadinho.com.br\/wp-content\/uploads\/2026\/02\/OBS-Logo-2025_Horizontal-1-scaled.png","width":2560,"height":1098,"caption":"Observat\u00f3rio das A\u00e7\u00f5es Penais sobre a Trag\u00e9dia de Brumadinho"},"image":{"@id":"https:\/\/obspenalbrumadinho.com.br\/#\/schema\/logo\/image\/"}},{"@type":"Person","@id":"https:\/\/obspenalbrumadinho.com.br\/#\/schema\/person\/6855aa9b88f9c59557d49afae67edd5b","name":"B\u00e1rbara Lu\u00edza","image":{"@type":"ImageObject","inLanguage":"de-DE","@id":"https:\/\/obspenalbrumadinho.com.br\/#\/schema\/person\/image\/","url":"https:\/\/secure.gravatar.com\/avatar\/193c6c1ae50972eb0d7d95c5cb50f6359dd3af889bc017b18fd8758251c5a77f?s=96&d=mm&r=g","contentUrl":"https:\/\/secure.gravatar.com\/avatar\/193c6c1ae50972eb0d7d95c5cb50f6359dd3af889bc017b18fd8758251c5a77f?s=96&d=mm&r=g","caption":"B\u00e1rbara Lu\u00edza"},"sameAs":["http:\/\/obspenalbrumadinho.com.br"],"url":"https:\/\/obspenalbrumadinho.com.br\/de\/author\/barbara\/"}]}},"_links":{"self":[{"href":"https:\/\/obspenalbrumadinho.com.br\/de\/wp-json\/wp\/v2\/posts\/4099","targetHints":{"allow":["GET"]}}],"collection":[{"href":"https:\/\/obspenalbrumadinho.com.br\/de\/wp-json\/wp\/v2\/posts"}],"about":[{"href":"https:\/\/obspenalbrumadinho.com.br\/de\/wp-json\/wp\/v2\/types\/post"}],"author":[{"embeddable":true,"href":"https:\/\/obspenalbrumadinho.com.br\/de\/wp-json\/wp\/v2\/users\/5"}],"replies":[{"embeddable":true,"href":"https:\/\/obspenalbrumadinho.com.br\/de\/wp-json\/wp\/v2\/comments?post=4099"}],"version-history":[{"count":1,"href":"https:\/\/obspenalbrumadinho.com.br\/de\/wp-json\/wp\/v2\/posts\/4099\/revisions"}],"predecessor-version":[{"id":4100,"href":"https:\/\/obspenalbrumadinho.com.br\/de\/wp-json\/wp\/v2\/posts\/4099\/revisions\/4100"}],"wp:featuredmedia":[{"embeddable":true,"href":"https:\/\/obspenalbrumadinho.com.br\/de\/wp-json\/wp\/v2\/media\/4077"}],"wp:attachment":[{"href":"https:\/\/obspenalbrumadinho.com.br\/de\/wp-json\/wp\/v2\/media?parent=4099"}],"wp:term":[{"taxonomy":"category","embeddable":true,"href":"https:\/\/obspenalbrumadinho.com.br\/de\/wp-json\/wp\/v2\/categories?post=4099"},{"taxonomy":"post_tag","embeddable":true,"href":"https:\/\/obspenalbrumadinho.com.br\/de\/wp-json\/wp\/v2\/tags?post=4099"}],"curies":[{"name":"wp","href":"https:\/\/api.w.org\/{rel}","templated":true}]}}