 {"id":5350,"date":"2026-09-04T19:52:10","date_gmt":"2026-09-04T22:52:10","guid":{"rendered":"https:\/\/obspenalbrumadinho.com.br\/?p=5350"},"modified":"2026-09-04T19:52:10","modified_gmt":"2026-09-04T22:52:10","slug":"condenacao-criminal-inedita-no-caso-de-mariana-ciclo-de-impunidade-da-mineracao-e-quebrado","status":"publish","type":"post","link":"https:\/\/obspenalbrumadinho.com.br\/de\/condenacao-criminal-inedita-no-caso-de-mariana-ciclo-de-impunidade-da-mineracao-e-quebrado\/","title":{"rendered":"Condena\u00e7\u00e3o criminal in\u00e9dita no caso de Mariana:  ciclo de impunidade da minera\u00e7\u00e3o \u00e9 quebrado"},"content":{"rendered":"<h3 style=\"text-align: justify;\"><i><span style=\"font-weight: 400;\">Julgamento hist\u00f3rico resultou na responsabiliza\u00e7\u00e3o de tr\u00eas pessoas f\u00edsicas, gerentes da\u00a0 mineradora \u00e0 \u00e9poca dos fatos, e da Samarco, respons\u00e1vel pela barragem de Fund\u00e3o que colapsou em 2015.<\/span><\/i><\/h3>\n<p style=\"text-align: justify;\"><span style=\"font-weight: 400;\">Na tarde do dia 03 de setembro, em Belo Horizonte (MG), aconteceu a sess\u00e3o de julgamento do caso criminal dos envolvidos no rompimento da barragem de Fund\u00e3o, em Mariana.\u00a0<\/span><\/p>\n<p style=\"text-align: justify;\"><span style=\"font-weight: 400;\">A 2\u00aa Turma do TRF-6 decidiu, por unanimidade, condenar Germano Silva Lopes, Wagner Milagres Alves, Davi\u00e9ly Rodrigues Silva e a pessoa jur\u00eddica Samarco Minera\u00e7\u00e3o S\/A. Para os demais r\u00e9us, foi mantida a decis\u00e3o da Justi\u00e7a Federal de primeiro grau, que havia determinado a absolvi\u00e7\u00e3o.\u00a0<\/span><\/p>\n<p style=\"text-align: justify;\"><span style=\"font-weight: 400;\">A Samarco foi condenada \u00e0 proibi\u00e7\u00e3o de contratar com o Poder P\u00fablico pelo prazo de 10 anos e ao pagamento de R$ 1 milh\u00e3o, destinado ao Fundo Nacional do Meio Ambiente, na fase de execu\u00e7\u00e3o das senten\u00e7as. A mineradora tamb\u00e9m foi condenada ao pagamento de 768 dias-multa, no valor unit\u00e1rio de cinco sal\u00e1rios m\u00ednimos, ou seja, aproximadamente R$ 6,2 milh\u00f5es.<\/span><\/p>\n<p style=\"text-align: justify;\"><span style=\"font-weight: 400;\">Os engenheiros Germano Silva Lopes e Davi\u00e9ly Rodrigues Silva, que eram gerentes operacionais, foram condenados a 8 anos e 9 meses de reclus\u00e3o, em regime inicial fechado. Wagner Milagres Alves foi condenado a 7 anos, 3 meses e 15 dias de reclus\u00e3o, em regime inicial semiaberto. Ele exercia a mesma fun\u00e7\u00e3o dos outros dois condenados, mas, segundo os julgadores, teve uma participa\u00e7\u00e3o menor nos crimes.\u00a0<\/span><\/p>\n<p style=\"text-align: justify;\"><span style=\"font-weight: 400;\">&#8220;Rompemos o ciclo de impunidade. Ao reconhecer que a Samarco e tr\u00eas de seus gerentes conheciam o risco, ignoraram alertas e optaram pela omiss\u00e3o, o Poder Judici\u00e1rio finalmente confirmou que n\u00e3o foi um acidente. Mesmo que os dirigentes tenham sido poupados, esperamos que essa decis\u00e3o gere uma mudan\u00e7a real de comportamento e impulsione a revis\u00e3o urgente dos contratos que a empresa condenada mant\u00e9m com o poder p\u00fablico, resume o advogado Danilo Chammas.<\/span><\/p>\n<p style=\"text-align: justify;\"><span style=\"font-weight: 400;\">Ainda cabe recurso, tanto por parte da defesa, como por parte da acusa\u00e7\u00e3o. Na sa\u00edda do tribunal, o Procurador do Minist\u00e9rio P\u00fablico Federal, Darlan Airton Dias, destacou que a institui\u00e7\u00e3o ir\u00e1 estudar detalhadamente a decis\u00e3o para entender porque as empresas Vale, BHP Billiton e VogBR foram inocentadas. Ele tamb\u00e9m destacou a import\u00e2ncia da decis\u00e3o, tantos anos depois do crime que tirou 19 vidas (os familiares contam 20, pois havia uma mulher gr\u00e1vida) contaminou toda a Bacia do Rio Doce e at\u00e9 hoje tem repercuss\u00f5es sociais e ambientais.<\/span><\/p>\n<blockquote>\n<p style=\"text-align: justify;\"><span style=\"font-weight: 400;\">\u201cHoje \u00e9 um momento hist\u00f3rico, simb\u00f3lico, que mostra que um conjunto de neglig\u00eancias, de atos criminosos, que causou tanta dor, mortes, danos ambientais sem precedentes na hist\u00f3ria do Brasil, n\u00e3o pode cair em esquecimento, tem que ter uma resposta. E hoje a Justi\u00e7a Brasileira deu uma resposta, ainda uma resposta provis\u00f3ria, mas uma importante resposta&#8221;, destacou o Procurador.<\/span><\/p>\n<\/blockquote>\n<p style=\"text-align: justify;\">\n<p style=\"text-align: justify;\"><b>Press\u00e3o popular\u00a0<\/b><\/p>\n<p style=\"text-align: justify;\">\n<p style=\"text-align: justify;\"><span style=\"font-weight: 400;\">Mais de 100 pessoas atingidas pelo rompimento da barragem acompanharam a sess\u00e3o e se reuniram ao final para comemorar o que consideraram uma vit\u00f3ria, ainda que parcial.\u00a0<\/span><\/p>\n<p style=\"text-align: justify;\"><span style=\"font-weight: 400;\">M\u00f4nica dos Santos, que perdeu sua casa e muito de sua hist\u00f3ria naquele 5 de novembro de 2015, foi uma das v\u00edtimas que procurou os advogados do Instituto Cordilheira &#8211; que j\u00e1 acompanham como assistentes de acusa\u00e7\u00e3o o julgamento criminal de Brumadinho &#8211; para tentar reverter a senten\u00e7a que havia absolvido todos os r\u00e9us.<\/span><\/p>\n<blockquote>\n<div id=\"attachment_5393\" style=\"width: 693px\" class=\"wp-caption aligncenter\"><img loading=\"lazy\" decoding=\"async\" aria-describedby=\"caption-attachment-5393\" class=\"wp-image-5393 size-large\" src=\"https:\/\/obspenalbrumadinho.com.br\/wp-content\/uploads\/2026\/09\/IMG_1615-2-683x1024.jpg\" alt=\"\" width=\"683\" height=\"1024\" srcset=\"https:\/\/obspenalbrumadinho.com.br\/wp-content\/uploads\/2026\/09\/IMG_1615-2-683x1024.jpg 683w, https:\/\/obspenalbrumadinho.com.br\/wp-content\/uploads\/2026\/09\/IMG_1615-2-200x300.jpg 200w, https:\/\/obspenalbrumadinho.com.br\/wp-content\/uploads\/2026\/09\/IMG_1615-2-768x1152.jpg 768w, https:\/\/obspenalbrumadinho.com.br\/wp-content\/uploads\/2026\/09\/IMG_1615-2-1024x1536.jpg 1024w, https:\/\/obspenalbrumadinho.com.br\/wp-content\/uploads\/2026\/09\/IMG_1615-2-1365x2048.jpg 1365w, https:\/\/obspenalbrumadinho.com.br\/wp-content\/uploads\/2026\/09\/IMG_1615-2-54x81.jpg 54w, https:\/\/obspenalbrumadinho.com.br\/wp-content\/uploads\/2026\/09\/IMG_1615-2-379x568.jpg 379w, https:\/\/obspenalbrumadinho.com.br\/wp-content\/uploads\/2026\/09\/IMG_1615-2-scaled.jpg 1707w\" sizes=\"auto, (max-width: 683px) 100vw, 683px\" \/><p id=\"caption-attachment-5393\" class=\"wp-caption-text\">Monica Santos m frente ao TRF6 &#8211; Foto: Renata Regina<\/p><\/div>\n<p style=\"text-align: justify;\"><span style=\"font-weight: 400;\">\u201cHoje \u00e9 sim, \u00e9 um momento de gl\u00f3ria, \u00e9 um momento de alegria, \u00e9 um momento de olhar pra justi\u00e7a do nosso pa\u00eds e voltar a come\u00e7ar a acreditar nela. Porque at\u00e9 hoje, antes desses votos, a justi\u00e7a brasileira estava inerte, estava deixando a desejar, estava deixando a empresa fazer o que quer. A gente sabe que esse \u00e9 apenas um pontap\u00e9, mas \u00e9 um pontap\u00e9 que j\u00e1 \u00e9 um al\u00edvio. A gente sabe que eles v\u00e3o entrar com o recurso, mas a gente est\u00e1 preparado. Se for preciso ir pra Bras\u00edlia, se for preciso ir pra outro pa\u00eds, se for preciso ir aonde for atr\u00e1s dessa justi\u00e7a, que a gente tanto precisa, a gente vai\u201d, afirmou M\u00f4nica, na porta do tribunal, emocionada, ao lado de outras v\u00edtimas.\u00a0 \u201cInfelizmente, se o que est\u00e1 acontecendo aqui hoje tivesse acontecido logo em 2015, quando a barragem rompeu, com certeza, com certeza, Brumadinho n\u00e3o romperia, e 172 vidas poderiam ter sido preservadas\u201d, lembrou.<\/span><\/p>\n<\/blockquote>\n<h3 style=\"text-align: justify;\"><b>Hist\u00f3rico<\/b><\/h3>\n<div id=\"attachment_5375\" style=\"width: 1034px\" class=\"wp-caption aligncenter\"><img loading=\"lazy\" decoding=\"async\" aria-describedby=\"caption-attachment-5375\" class=\"wp-image-5375 size-large\" src=\"https:\/\/obspenalbrumadinho.com.br\/wp-content\/uploads\/2026\/09\/IMG_9063-1024x683.jpg\" alt=\"\" width=\"1024\" height=\"683\" srcset=\"https:\/\/obspenalbrumadinho.com.br\/wp-content\/uploads\/2026\/09\/IMG_9063-1024x683.jpg 1024w, https:\/\/obspenalbrumadinho.com.br\/wp-content\/uploads\/2026\/09\/IMG_9063-300x200.jpg 300w, https:\/\/obspenalbrumadinho.com.br\/wp-content\/uploads\/2026\/09\/IMG_9063-768x512.jpg 768w, https:\/\/obspenalbrumadinho.com.br\/wp-content\/uploads\/2026\/09\/IMG_9063-1536x1024.jpg 1536w, https:\/\/obspenalbrumadinho.com.br\/wp-content\/uploads\/2026\/09\/IMG_9063-2048x1365.jpg 2048w, https:\/\/obspenalbrumadinho.com.br\/wp-content\/uploads\/2026\/09\/IMG_9063-122x81.jpg 122w, https:\/\/obspenalbrumadinho.com.br\/wp-content\/uploads\/2026\/09\/IMG_9063-490x327.jpg 490w\" sizes=\"auto, (max-width: 1024px) 100vw, 1024px\" \/><p id=\"caption-attachment-5375\" class=\"wp-caption-text\">Danilo Chammas no julgamento em 3 de setembro &#8211; Foto Kailan Lima\/TRF6<\/p><\/div>\n<p style=\"text-align: justify;\"><span style=\"font-weight: 400;\">Essa foi a continuidade da sess\u00e3o\u00a0 iniciada no dia 11 de mar\u00e7o, quando os desembargadores come\u00e7aram o julgamento de dois recursos de apela\u00e7\u00e3o, do MPF e das v\u00edtimas, que atuam como assistentes de acusa\u00e7\u00e3o. As apela\u00e7\u00f5es questionavam a absolvi\u00e7\u00e3o de 10 r\u00e9us remanescentes (o caso come\u00e7ou com 26 r\u00e9us), depois da decis\u00e3o da <\/span><a href=\"https:\/\/portal.trf6.jus.br\/sentenca-sobre-a-tragedia-da-barragem-de-fundao-e-destaque-na-tv-justica\/\"><span style=\"font-weight: 400;\">ju\u00edza federal de Ponte Nova, Patr\u00edcia Alencar Teixeira de Carvalho, que em novembro de 2024, absolveu os r\u00e9us de todas as acusa\u00e7\u00f5es<\/span><\/a><span style=\"font-weight: 400;\">.\u00a0<\/span><\/p>\n<p style=\"text-align: justify;\"><span style=\"font-weight: 400;\">Foram feitas as sustenta\u00e7\u00f5es orais da acusa\u00e7\u00e3o, primeiro do Procurador do Minist\u00e9rio P\u00fablico Federal, Darlan Airton Dias, em seguida do advogado das v\u00edtimas, que atuam no caso como assistentes de acusa\u00e7\u00e3o, Danilo Chammas, do Instituto Cordilheira. Ambos relembraram os argumentos para a acusa\u00e7\u00e3o e lembraram das v\u00edtimas, seus familiares e todas as pessoas atingidas.<\/span><\/p>\n<p style=\"text-align: justify;\"><span style=\"font-weight: 400;\">Em seguida, falaram os advogados das pessoas jur\u00eddicas BHP Billiton, Vale, VogBR (que tamb\u00e9m defendeu o engenheiro da empresa) e Samarco. Os representantes da defesa das empresas acusadas argumentaram que haveria falhas na acusa\u00e7\u00e3o do Minist\u00e9rio P\u00fablico Federal e defenderam a inoc\u00eancia das institui\u00e7\u00f5es em rela\u00e7\u00e3o ao rompimento da barragem.<\/span><\/p>\n<p style=\"text-align: justify;\"><span style=\"font-weight: 400;\">Em seguida abriu-se espa\u00e7o para os advogados das pessoas f\u00edsicas. Ap\u00f3s as sustenta\u00e7\u00f5es, o relator do caso, o juiz federal Michael Proc\u00f3pio Ribeiro Alves Avelar, Relator do caso, leu um resumo do seu voto, em que explicou os fundamentos para a decis\u00e3o, sendo seguido pelos demais julgadores, Luciana Pinheiro Costa e Klaus Kuschel. <\/span><span style=\"font-weight: 400;\">Ao final da sess\u00e3o, os moradores de Bento Rodrigues, familiares de v\u00edtimas fatais, membros da comunidade quilombola de Gesteira e de outras localidades atingidas comemoraram essa condena\u00e7\u00e3o criminal in\u00e9dita, que \u00e9 um marco na luta contra a impunidade dos crimes da minera\u00e7\u00e3o.<\/span><\/p>\n<h5 style=\"text-align: justify;\"><strong><em>Texto: Joana Tavares<\/em><\/strong><\/h5>\n<h5 style=\"text-align: justify;\"><span style=\"font-weight: 400;\"><strong><em>Edi\u00e7\u00e3o: Carolina de Moura e Danilo Chammas<\/em><\/strong>\u00a0<\/span><\/h5>\n<p style=\"text-align: justify;\">\n","protected":false},"excerpt":{"rendered":"<p>Julgamento hist\u00f3rico resultou na responsabiliza\u00e7\u00e3o de tr\u00eas pessoas f\u00edsicas, gerentes da\u00a0 mineradora \u00e0 \u00e9poca dos fatos, e da Samarco, respons\u00e1vel pela barragem de Fund\u00e3o que colapsou em 2015. Na tarde do dia 03 de setembro, em Belo Horizonte (MG), aconteceu [&hellip;]<\/p>\n","protected":false},"author":8,"featured_media":5357,"comment_status":"open","ping_status":"open","sticky":false,"template":"","format":"standard","meta":{"_acf_changed":false,"footnotes":""},"categories":[1],"tags":[],"class_list":["post-5350","post","type-post","status-publish","format-standard","has-post-thumbnail","hentry","category-acao-penal"],"acf":[],"yoast_head":"<!-- This site is optimized with the Yoast SEO plugin v26.8 - https:\/\/yoast.com\/product\/yoast-seo-wordpress\/ -->\n<title>Condena\u00e7\u00e3o criminal in\u00e9dita no caso de Mariana: ciclo de impunidade da minera\u00e7\u00e3o \u00e9 quebrado - Observat\u00f3rio das A\u00e7\u00f5es Penais sobre a Trag\u00e9dia de Brumadinho<\/title>\n<meta name=\"description\" content=\"Condena\u00e7\u00e3o criminal in\u00e9dita no caso de Mariana: ciclo de impunidade da minera\u00e7\u00e3o \u00e9 quebrado - Observat\u00f3rio das A\u00e7\u00f5es Penais sobre a Trag\u00e9dia de Brumadinho\" \/>\n<meta name=\"robots\" content=\"index, follow, max-snippet:-1, max-image-preview:large, max-video-preview:-1\" \/>\n<link rel=\"canonical\" href=\"https:\/\/obspenalbrumadinho.com.br\/condenacao-criminal-inedita-no-caso-de-mariana-ciclo-de-impunidade-da-mineracao-e-quebrado\/\" \/>\n<meta property=\"og:locale\" content=\"de_DE\" \/>\n<meta property=\"og:type\" content=\"article\" \/>\n<meta property=\"og:title\" content=\"Condena\u00e7\u00e3o criminal in\u00e9dita no caso de Mariana: ciclo de impunidade da minera\u00e7\u00e3o \u00e9 quebrado - Observat\u00f3rio das A\u00e7\u00f5es Penais sobre a Trag\u00e9dia de Brumadinho\" \/>\n<meta property=\"og:description\" content=\"Condena\u00e7\u00e3o criminal in\u00e9dita no caso de Mariana: ciclo de impunidade da minera\u00e7\u00e3o \u00e9 quebrado - Observat\u00f3rio das A\u00e7\u00f5es Penais sobre a Trag\u00e9dia de Brumadinho\" \/>\n<meta property=\"og:url\" content=\"https:\/\/obspenalbrumadinho.com.br\/condenacao-criminal-inedita-no-caso-de-mariana-ciclo-de-impunidade-da-mineracao-e-quebrado\/\" \/>\n<meta property=\"og:site_name\" content=\"Observat\u00f3rio das A\u00e7\u00f5es Penais sobre a Trag\u00e9dia de Brumadinho\" \/>\n<meta property=\"article:published_time\" content=\"2026-09-04T22:52:10+00:00\" \/>\n<meta property=\"og:image\" content=\"https:\/\/obspenalbrumadinho.com.br\/wp-content\/uploads\/2026\/09\/IMG_1662.jpg\" \/>\n\t<meta property=\"og:image:width\" content=\"2048\" \/>\n\t<meta property=\"og:image:height\" content=\"1151\" \/>\n\t<meta property=\"og:image:type\" content=\"image\/jpeg\" \/>\n<meta name=\"author\" content=\"Renata Regina\" \/>\n<meta name=\"twitter:card\" content=\"summary_large_image\" \/>\n<meta name=\"twitter:label1\" content=\"Written by\" \/>\n\t<meta name=\"twitter:data1\" content=\"Renata Regina\" \/>\n\t<meta name=\"twitter:label2\" content=\"Est. reading time\" \/>\n\t<meta name=\"twitter:data2\" content=\"5 minutes\" \/>\n<script type=\"application\/ld+json\" class=\"yoast-schema-graph\">{\"@context\":\"https:\/\/schema.org\",\"@graph\":[{\"@type\":\"Article\",\"@id\":\"https:\/\/obspenalbrumadinho.com.br\/condenacao-criminal-inedita-no-caso-de-mariana-ciclo-de-impunidade-da-mineracao-e-quebrado\/#article\",\"isPartOf\":{\"@id\":\"https:\/\/obspenalbrumadinho.com.br\/condenacao-criminal-inedita-no-caso-de-mariana-ciclo-de-impunidade-da-mineracao-e-quebrado\/\"},\"author\":{\"name\":\"Renata Regina\",\"@id\":\"https:\/\/obspenalbrumadinho.com.br\/#\/schema\/person\/6641f6fd5945a9942b902c33e472f877\"},\"headline\":\"Condena\u00e7\u00e3o criminal in\u00e9dita no caso de Mariana: ciclo de impunidade da minera\u00e7\u00e3o \u00e9 quebrado\",\"datePublished\":\"2026-09-04T22:52:10+00:00\",\"mainEntityOfPage\":{\"@id\":\"https:\/\/obspenalbrumadinho.com.br\/condenacao-criminal-inedita-no-caso-de-mariana-ciclo-de-impunidade-da-mineracao-e-quebrado\/\"},\"wordCount\":1115,\"commentCount\":0,\"publisher\":{\"@id\":\"https:\/\/obspenalbrumadinho.com.br\/#organization\"},\"image\":{\"@id\":\"https:\/\/obspenalbrumadinho.com.br\/condenacao-criminal-inedita-no-caso-de-mariana-ciclo-de-impunidade-da-mineracao-e-quebrado\/#primaryimage\"},\"thumbnailUrl\":\"https:\/\/obspenalbrumadinho.com.br\/wp-content\/uploads\/2026\/09\/IMG_1662.jpg\",\"articleSection\":[\"A\u00e7\u00e3o penal\"],\"inLanguage\":\"de-DE\",\"potentialAction\":[{\"@type\":\"CommentAction\",\"name\":\"Comment\",\"target\":[\"https:\/\/obspenalbrumadinho.com.br\/condenacao-criminal-inedita-no-caso-de-mariana-ciclo-de-impunidade-da-mineracao-e-quebrado\/#respond\"]}]},{\"@type\":\"WebPage\",\"@id\":\"https:\/\/obspenalbrumadinho.com.br\/condenacao-criminal-inedita-no-caso-de-mariana-ciclo-de-impunidade-da-mineracao-e-quebrado\/\",\"url\":\"https:\/\/obspenalbrumadinho.com.br\/condenacao-criminal-inedita-no-caso-de-mariana-ciclo-de-impunidade-da-mineracao-e-quebrado\/\",\"name\":\"Condena\u00e7\u00e3o criminal in\u00e9dita no caso de Mariana: ciclo de impunidade da minera\u00e7\u00e3o \u00e9 quebrado - Observat\u00f3rio das A\u00e7\u00f5es Penais sobre a Trag\u00e9dia de Brumadinho\",\"isPartOf\":{\"@id\":\"https:\/\/obspenalbrumadinho.com.br\/#website\"},\"primaryImageOfPage\":{\"@id\":\"https:\/\/obspenalbrumadinho.com.br\/condenacao-criminal-inedita-no-caso-de-mariana-ciclo-de-impunidade-da-mineracao-e-quebrado\/#primaryimage\"},\"image\":{\"@id\":\"https:\/\/obspenalbrumadinho.com.br\/condenacao-criminal-inedita-no-caso-de-mariana-ciclo-de-impunidade-da-mineracao-e-quebrado\/#primaryimage\"},\"thumbnailUrl\":\"https:\/\/obspenalbrumadinho.com.br\/wp-content\/uploads\/2026\/09\/IMG_1662.jpg\",\"datePublished\":\"2026-09-04T22:52:10+00:00\",\"description\":\"Condena\u00e7\u00e3o criminal in\u00e9dita no caso de Mariana: ciclo de impunidade da minera\u00e7\u00e3o \u00e9 quebrado - Observat\u00f3rio das A\u00e7\u00f5es Penais sobre a Trag\u00e9dia de Brumadinho\",\"breadcrumb\":{\"@id\":\"https:\/\/obspenalbrumadinho.com.br\/condenacao-criminal-inedita-no-caso-de-mariana-ciclo-de-impunidade-da-mineracao-e-quebrado\/#breadcrumb\"},\"inLanguage\":\"de-DE\",\"potentialAction\":[{\"@type\":\"ReadAction\",\"target\":[\"https:\/\/obspenalbrumadinho.com.br\/condenacao-criminal-inedita-no-caso-de-mariana-ciclo-de-impunidade-da-mineracao-e-quebrado\/\"]}]},{\"@type\":\"ImageObject\",\"inLanguage\":\"de-DE\",\"@id\":\"https:\/\/obspenalbrumadinho.com.br\/condenacao-criminal-inedita-no-caso-de-mariana-ciclo-de-impunidade-da-mineracao-e-quebrado\/#primaryimage\",\"url\":\"https:\/\/obspenalbrumadinho.com.br\/wp-content\/uploads\/2026\/09\/IMG_1662.jpg\",\"contentUrl\":\"https:\/\/obspenalbrumadinho.com.br\/wp-content\/uploads\/2026\/09\/IMG_1662.jpg\",\"width\":2048,\"height\":1151},{\"@type\":\"BreadcrumbList\",\"@id\":\"https:\/\/obspenalbrumadinho.com.br\/condenacao-criminal-inedita-no-caso-de-mariana-ciclo-de-impunidade-da-mineracao-e-quebrado\/#breadcrumb\",\"itemListElement\":[{\"@type\":\"ListItem\",\"position\":1,\"name\":\"Home\",\"item\":\"https:\/\/obspenalbrumadinho.com.br\/de\/\"},{\"@type\":\"ListItem\",\"position\":2,\"name\":\"Condena\u00e7\u00e3o criminal in\u00e9dita no caso de Mariana: ciclo de impunidade da minera\u00e7\u00e3o \u00e9 quebrado\"}]},{\"@type\":\"WebSite\",\"@id\":\"https:\/\/obspenalbrumadinho.com.br\/#website\",\"url\":\"https:\/\/obspenalbrumadinho.com.br\/\",\"name\":\"Observat\u00f3rio das A\u00e7\u00f5es Penais sobre a Trag\u00e9dia de Brumadinho\",\"description\":\"Observat\u00f3rio das a\u00e7\u00f5es penais sobre a trag\u00e9dia de Brumadinho: acompanhe processos criminais no Brasil e na Alemanha, acervo online e not\u00edcias em defesa da justi\u00e7a.\",\"publisher\":{\"@id\":\"https:\/\/obspenalbrumadinho.com.br\/#organization\"},\"potentialAction\":[{\"@type\":\"SearchAction\",\"target\":{\"@type\":\"EntryPoint\",\"urlTemplate\":\"https:\/\/obspenalbrumadinho.com.br\/?s={search_term_string}\"},\"query-input\":{\"@type\":\"PropertyValueSpecification\",\"valueRequired\":true,\"valueName\":\"search_term_string\"}}],\"inLanguage\":\"de-DE\"},{\"@type\":\"Organization\",\"@id\":\"https:\/\/obspenalbrumadinho.com.br\/#organization\",\"name\":\"Observat\u00f3rio das A\u00e7\u00f5es Penais sobre a Trag\u00e9dia de Brumadinho\",\"url\":\"https:\/\/obspenalbrumadinho.com.br\/\",\"logo\":{\"@type\":\"ImageObject\",\"inLanguage\":\"de-DE\",\"@id\":\"https:\/\/obspenalbrumadinho.com.br\/#\/schema\/logo\/image\/\",\"url\":\"https:\/\/obspenalbrumadinho.com.br\/wp-content\/uploads\/2026\/02\/OBS-Logo-2025_Horizontal-1-scaled.png\",\"contentUrl\":\"https:\/\/obspenalbrumadinho.com.br\/wp-content\/uploads\/2026\/02\/OBS-Logo-2025_Horizontal-1-scaled.png\",\"width\":2560,\"height\":1098,\"caption\":\"Observat\u00f3rio das A\u00e7\u00f5es Penais sobre a Trag\u00e9dia de Brumadinho\"},\"image\":{\"@id\":\"https:\/\/obspenalbrumadinho.com.br\/#\/schema\/logo\/image\/\"}},{\"@type\":\"Person\",\"@id\":\"https:\/\/obspenalbrumadinho.com.br\/#\/schema\/person\/6641f6fd5945a9942b902c33e472f877\",\"name\":\"Renata Regina\",\"image\":{\"@type\":\"ImageObject\",\"inLanguage\":\"de-DE\",\"@id\":\"https:\/\/obspenalbrumadinho.com.br\/#\/schema\/person\/image\/\",\"url\":\"https:\/\/secure.gravatar.com\/avatar\/e3eb23ab7137d974c5ebf85c2530fc0ecb66f235caed25354326575e94f07e01?s=96&d=mm&r=g\",\"contentUrl\":\"https:\/\/secure.gravatar.com\/avatar\/e3eb23ab7137d974c5ebf85c2530fc0ecb66f235caed25354326575e94f07e01?s=96&d=mm&r=g\",\"caption\":\"Renata Regina\"},\"url\":\"https:\/\/obspenalbrumadinho.com.br\/de\/author\/renata-regina\/\"}]}<\/script>\n<!-- \/ Yoast SEO plugin. -->","yoast_head_json":{"title":"Condena\u00e7\u00e3o criminal in\u00e9dita no caso de Mariana: ciclo de impunidade da minera\u00e7\u00e3o \u00e9 quebrado - Observat\u00f3rio das A\u00e7\u00f5es Penais sobre a Trag\u00e9dia de Brumadinho","description":"Condena\u00e7\u00e3o criminal in\u00e9dita no caso de Mariana: ciclo de impunidade da minera\u00e7\u00e3o \u00e9 quebrado - Observat\u00f3rio das A\u00e7\u00f5es Penais sobre a Trag\u00e9dia de Brumadinho","robots":{"index":"index","follow":"follow","max-snippet":"max-snippet:-1","max-image-preview":"max-image-preview:large","max-video-preview":"max-video-preview:-1"},"canonical":"https:\/\/obspenalbrumadinho.com.br\/condenacao-criminal-inedita-no-caso-de-mariana-ciclo-de-impunidade-da-mineracao-e-quebrado\/","og_locale":"de_DE","og_type":"article","og_title":"Condena\u00e7\u00e3o criminal in\u00e9dita no caso de Mariana: ciclo de impunidade da minera\u00e7\u00e3o \u00e9 quebrado - Observat\u00f3rio das A\u00e7\u00f5es Penais sobre a Trag\u00e9dia de Brumadinho","og_description":"Condena\u00e7\u00e3o criminal in\u00e9dita no caso de Mariana: ciclo de impunidade da minera\u00e7\u00e3o \u00e9 quebrado - Observat\u00f3rio das A\u00e7\u00f5es Penais sobre a Trag\u00e9dia de Brumadinho","og_url":"https:\/\/obspenalbrumadinho.com.br\/condenacao-criminal-inedita-no-caso-de-mariana-ciclo-de-impunidade-da-mineracao-e-quebrado\/","og_site_name":"Observat\u00f3rio das A\u00e7\u00f5es Penais sobre a Trag\u00e9dia de Brumadinho","article_published_time":"2026-09-04T22:52:10+00:00","og_image":[{"width":2048,"height":1151,"url":"https:\/\/obspenalbrumadinho.com.br\/wp-content\/uploads\/2026\/09\/IMG_1662.jpg","type":"image\/jpeg"}],"author":"Renata Regina","twitter_card":"summary_large_image","twitter_misc":{"Written by":"Renata Regina","Est. reading time":"5 minutes"},"schema":{"@context":"https:\/\/schema.org","@graph":[{"@type":"Article","@id":"https:\/\/obspenalbrumadinho.com.br\/condenacao-criminal-inedita-no-caso-de-mariana-ciclo-de-impunidade-da-mineracao-e-quebrado\/#article","isPartOf":{"@id":"https:\/\/obspenalbrumadinho.com.br\/condenacao-criminal-inedita-no-caso-de-mariana-ciclo-de-impunidade-da-mineracao-e-quebrado\/"},"author":{"name":"Renata Regina","@id":"https:\/\/obspenalbrumadinho.com.br\/#\/schema\/person\/6641f6fd5945a9942b902c33e472f877"},"headline":"Condena\u00e7\u00e3o criminal in\u00e9dita no caso de Mariana: ciclo de impunidade da minera\u00e7\u00e3o \u00e9 quebrado","datePublished":"2026-09-04T22:52:10+00:00","mainEntityOfPage":{"@id":"https:\/\/obspenalbrumadinho.com.br\/condenacao-criminal-inedita-no-caso-de-mariana-ciclo-de-impunidade-da-mineracao-e-quebrado\/"},"wordCount":1115,"commentCount":0,"publisher":{"@id":"https:\/\/obspenalbrumadinho.com.br\/#organization"},"image":{"@id":"https:\/\/obspenalbrumadinho.com.br\/condenacao-criminal-inedita-no-caso-de-mariana-ciclo-de-impunidade-da-mineracao-e-quebrado\/#primaryimage"},"thumbnailUrl":"https:\/\/obspenalbrumadinho.com.br\/wp-content\/uploads\/2026\/09\/IMG_1662.jpg","articleSection":["A\u00e7\u00e3o penal"],"inLanguage":"de-DE","potentialAction":[{"@type":"CommentAction","name":"Comment","target":["https:\/\/obspenalbrumadinho.com.br\/condenacao-criminal-inedita-no-caso-de-mariana-ciclo-de-impunidade-da-mineracao-e-quebrado\/#respond"]}]},{"@type":"WebPage","@id":"https:\/\/obspenalbrumadinho.com.br\/condenacao-criminal-inedita-no-caso-de-mariana-ciclo-de-impunidade-da-mineracao-e-quebrado\/","url":"https:\/\/obspenalbrumadinho.com.br\/condenacao-criminal-inedita-no-caso-de-mariana-ciclo-de-impunidade-da-mineracao-e-quebrado\/","name":"Condena\u00e7\u00e3o criminal in\u00e9dita no caso de Mariana: ciclo de impunidade da minera\u00e7\u00e3o \u00e9 quebrado - Observat\u00f3rio das A\u00e7\u00f5es Penais sobre a Trag\u00e9dia de Brumadinho","isPartOf":{"@id":"https:\/\/obspenalbrumadinho.com.br\/#website"},"primaryImageOfPage":{"@id":"https:\/\/obspenalbrumadinho.com.br\/condenacao-criminal-inedita-no-caso-de-mariana-ciclo-de-impunidade-da-mineracao-e-quebrado\/#primaryimage"},"image":{"@id":"https:\/\/obspenalbrumadinho.com.br\/condenacao-criminal-inedita-no-caso-de-mariana-ciclo-de-impunidade-da-mineracao-e-quebrado\/#primaryimage"},"thumbnailUrl":"https:\/\/obspenalbrumadinho.com.br\/wp-content\/uploads\/2026\/09\/IMG_1662.jpg","datePublished":"2026-09-04T22:52:10+00:00","description":"Condena\u00e7\u00e3o criminal in\u00e9dita no caso de Mariana: ciclo de impunidade da minera\u00e7\u00e3o \u00e9 quebrado - Observat\u00f3rio das A\u00e7\u00f5es Penais sobre a Trag\u00e9dia de Brumadinho","breadcrumb":{"@id":"https:\/\/obspenalbrumadinho.com.br\/condenacao-criminal-inedita-no-caso-de-mariana-ciclo-de-impunidade-da-mineracao-e-quebrado\/#breadcrumb"},"inLanguage":"de-DE","potentialAction":[{"@type":"ReadAction","target":["https:\/\/obspenalbrumadinho.com.br\/condenacao-criminal-inedita-no-caso-de-mariana-ciclo-de-impunidade-da-mineracao-e-quebrado\/"]}]},{"@type":"ImageObject","inLanguage":"de-DE","@id":"https:\/\/obspenalbrumadinho.com.br\/condenacao-criminal-inedita-no-caso-de-mariana-ciclo-de-impunidade-da-mineracao-e-quebrado\/#primaryimage","url":"https:\/\/obspenalbrumadinho.com.br\/wp-content\/uploads\/2026\/09\/IMG_1662.jpg","contentUrl":"https:\/\/obspenalbrumadinho.com.br\/wp-content\/uploads\/2026\/09\/IMG_1662.jpg","width":2048,"height":1151},{"@type":"BreadcrumbList","@id":"https:\/\/obspenalbrumadinho.com.br\/condenacao-criminal-inedita-no-caso-de-mariana-ciclo-de-impunidade-da-mineracao-e-quebrado\/#breadcrumb","itemListElement":[{"@type":"ListItem","position":1,"name":"Home","item":"https:\/\/obspenalbrumadinho.com.br\/de\/"},{"@type":"ListItem","position":2,"name":"Condena\u00e7\u00e3o criminal in\u00e9dita no caso de Mariana: ciclo de impunidade da minera\u00e7\u00e3o \u00e9 quebrado"}]},{"@type":"WebSite","@id":"https:\/\/obspenalbrumadinho.com.br\/#website","url":"https:\/\/obspenalbrumadinho.com.br\/","name":"Observat\u00f3rio das A\u00e7\u00f5es Penais sobre a Trag\u00e9dia de Brumadinho","description":"Observat\u00f3rio das a\u00e7\u00f5es penais sobre a trag\u00e9dia de Brumadinho: acompanhe processos criminais no Brasil e na Alemanha, acervo online e not\u00edcias em defesa da justi\u00e7a.","publisher":{"@id":"https:\/\/obspenalbrumadinho.com.br\/#organization"},"potentialAction":[{"@type":"SearchAction","target":{"@type":"EntryPoint","urlTemplate":"https:\/\/obspenalbrumadinho.com.br\/?s={search_term_string}"},"query-input":{"@type":"PropertyValueSpecification","valueRequired":true,"valueName":"search_term_string"}}],"inLanguage":"de-DE"},{"@type":"Organization","@id":"https:\/\/obspenalbrumadinho.com.br\/#organization","name":"Observat\u00f3rio das A\u00e7\u00f5es Penais sobre a Trag\u00e9dia de Brumadinho","url":"https:\/\/obspenalbrumadinho.com.br\/","logo":{"@type":"ImageObject","inLanguage":"de-DE","@id":"https:\/\/obspenalbrumadinho.com.br\/#\/schema\/logo\/image\/","url":"https:\/\/obspenalbrumadinho.com.br\/wp-content\/uploads\/2026\/02\/OBS-Logo-2025_Horizontal-1-scaled.png","contentUrl":"https:\/\/obspenalbrumadinho.com.br\/wp-content\/uploads\/2026\/02\/OBS-Logo-2025_Horizontal-1-scaled.png","width":2560,"height":1098,"caption":"Observat\u00f3rio das A\u00e7\u00f5es Penais sobre a Trag\u00e9dia de Brumadinho"},"image":{"@id":"https:\/\/obspenalbrumadinho.com.br\/#\/schema\/logo\/image\/"}},{"@type":"Person","@id":"https:\/\/obspenalbrumadinho.com.br\/#\/schema\/person\/6641f6fd5945a9942b902c33e472f877","name":"Renata Regina","image":{"@type":"ImageObject","inLanguage":"de-DE","@id":"https:\/\/obspenalbrumadinho.com.br\/#\/schema\/person\/image\/","url":"https:\/\/secure.gravatar.com\/avatar\/e3eb23ab7137d974c5ebf85c2530fc0ecb66f235caed25354326575e94f07e01?s=96&d=mm&r=g","contentUrl":"https:\/\/secure.gravatar.com\/avatar\/e3eb23ab7137d974c5ebf85c2530fc0ecb66f235caed25354326575e94f07e01?s=96&d=mm&r=g","caption":"Renata Regina"},"url":"https:\/\/obspenalbrumadinho.com.br\/de\/author\/renata-regina\/"}]}},"_links":{"self":[{"href":"https:\/\/obspenalbrumadinho.com.br\/de\/wp-json\/wp\/v2\/posts\/5350","targetHints":{"allow":["GET"]}}],"collection":[{"href":"https:\/\/obspenalbrumadinho.com.br\/de\/wp-json\/wp\/v2\/posts"}],"about":[{"href":"https:\/\/obspenalbrumadinho.com.br\/de\/wp-json\/wp\/v2\/types\/post"}],"author":[{"embeddable":true,"href":"https:\/\/obspenalbrumadinho.com.br\/de\/wp-json\/wp\/v2\/users\/8"}],"replies":[{"embeddable":true,"href":"https:\/\/obspenalbrumadinho.com.br\/de\/wp-json\/wp\/v2\/comments?post=5350"}],"version-history":[{"count":2,"href":"https:\/\/obspenalbrumadinho.com.br\/de\/wp-json\/wp\/v2\/posts\/5350\/revisions"}],"predecessor-version":[{"id":5397,"href":"https:\/\/obspenalbrumadinho.com.br\/de\/wp-json\/wp\/v2\/posts\/5350\/revisions\/5397"}],"wp:featuredmedia":[{"embeddable":true,"href":"https:\/\/obspenalbrumadinho.com.br\/de\/wp-json\/wp\/v2\/media\/5357"}],"wp:attachment":[{"href":"https:\/\/obspenalbrumadinho.com.br\/de\/wp-json\/wp\/v2\/media?parent=5350"}],"wp:term":[{"taxonomy":"category","embeddable":true,"href":"https:\/\/obspenalbrumadinho.com.br\/de\/wp-json\/wp\/v2\/categories?post=5350"},{"taxonomy":"post_tag","embeddable":true,"href":"https:\/\/obspenalbrumadinho.com.br\/de\/wp-json\/wp\/v2\/tags?post=5350"}],"curies":[{"name":"wp","href":"https:\/\/api.w.org\/{rel}","templated":true}]}}