 {"id":2698,"date":"2024-01-22T12:15:27","date_gmt":"2024-01-22T15:15:27","guid":{"rendered":"https:\/\/obspenalbrumadinho.com.br\/?p=2698"},"modified":"2024-01-22T12:15:27","modified_gmt":"2024-01-22T15:15:27","slug":"assine-e-divulgue-o-manifesto-basta-de-impunidade","status":"publish","type":"post","link":"https:\/\/obspenalbrumadinho.com.br\/en\/assine-e-divulgue-o-manifesto-basta-de-impunidade\/","title":{"rendered":"Assine e divulgue o Manifesto Basta de Impunidade"},"content":{"rendered":"<p><span style=\"font-weight: 400;\">Apoiado por diversas entidades da sociedade civil, o pleito exige celeridade no andamento dos processos e pede que todas as pessoas consideradas respons\u00e1veis sejam processadas e julgadas pelos crimes identificados nas investiga\u00e7\u00f5es. Com a retomada da campanha, a expectativa do Instituto Camila e Luiz Taliberti \u00e9 chegar a 60 mil assinaturas.<\/span><\/p>\n<p><span style=\"font-weight: 400;\">Em janeiro de 2024, completam-se cinco anos da trag\u00e9dia do rompimento da barragem de rejeitos de min\u00e9rio de ferro da mineradora Vale S.A., em Brumadinho (MG). A lama que vazou da barragem ceifou 272 vidas e degradou mais de 300 quil\u00f4metros ao longo da bacia do rio Paraopeba.<\/span><\/p>\n<p><span style=\"font-weight: 400;\">At\u00e9 agora, ningu\u00e9m foi responsabilizado criminalmente!<\/span><\/p>\n<p><span style=\"font-weight: 400;\">Somente no final de 2022, quase quatro anos depois do fato, o sistema judici\u00e1rio brasileiro finalmente fixou, em car\u00e1ter definitivo, que a Justi\u00e7a Federal \u00e9 o ju\u00edzo competente para processar e julgar os acusados que respondem por homic\u00eddio doloso qualificado e diversos outros crimes.<\/span><\/p>\n<p><a href=\"https:\/\/www.change.org\/p\/justi%C3%A7aporbrumadinho-j%C3%A1-s%C3%A3o-quatro-anos-de-impunidade-%C3%A9-tempo-demais-os-acusados-pelo-crime-em-brumadinho-mg-precisam-ser-responsabilizados\" target=\"_blank\" rel=\"noopener\"><span style=\"font-weight: 400;\">Saiba mais e assine aqui<\/span><\/a><\/p>\n","protected":false},"excerpt":{"rendered":"<p>Apoiado por diversas entidades da sociedade civil, o pleito exige celeridade no andamento dos processos e pede que todas as pessoas consideradas respons\u00e1veis sejam processadas e julgadas pelos crimes identificados nas investiga\u00e7\u00f5es. Com a retomada da campanha, a expectativa do [&hellip;]<\/p>\n","protected":false},"author":1,"featured_media":2699,"comment_status":"open","ping_status":"open","sticky":false,"template":"","format":"standard","meta":{"_acf_changed":false,"footnotes":""},"categories":[1],"tags":[34],"class_list":["post-2698","post","type-post","status-publish","format-standard","has-post-thumbnail","hentry","category-acao-penal","tag-brumadinho"],"acf":[],"yoast_head":"<!-- This site is optimized with the Yoast SEO plugin v26.8 - https:\/\/yoast.com\/product\/yoast-seo-wordpress\/ -->\n<title>Assine e divulgue o Manifesto Basta de Impunidade - Observat\u00f3rio das A\u00e7\u00f5es Penais sobre a Trag\u00e9dia de Brumadinho<\/title>\n<meta name=\"description\" content=\"Assine e divulgue o Manifesto Basta de Impunidade - Observat\u00f3rio das A\u00e7\u00f5es Penais sobre a Trag\u00e9dia de Brumadinho\" \/>\n<meta name=\"robots\" content=\"index, follow, max-snippet:-1, max-image-preview:large, max-video-preview:-1\" \/>\n<link rel=\"canonical\" href=\"https:\/\/obspenalbrumadinho.com.br\/assine-e-divulgue-o-manifesto-basta-de-impunidade\/\" \/>\n<meta property=\"og:locale\" content=\"en_US\" \/>\n<meta property=\"og:type\" content=\"article\" \/>\n<meta property=\"og:title\" content=\"Assine e divulgue o Manifesto Basta de Impunidade - Observat\u00f3rio das A\u00e7\u00f5es Penais sobre a Trag\u00e9dia de Brumadinho\" \/>\n<meta property=\"og:description\" content=\"Assine e divulgue o Manifesto Basta de Impunidade - Observat\u00f3rio das A\u00e7\u00f5es Penais sobre a Trag\u00e9dia de Brumadinho\" \/>\n<meta property=\"og:url\" content=\"https:\/\/obspenalbrumadinho.com.br\/assine-e-divulgue-o-manifesto-basta-de-impunidade\/\" \/>\n<meta property=\"og:site_name\" content=\"Observat\u00f3rio das A\u00e7\u00f5es Penais sobre a Trag\u00e9dia de Brumadinho\" \/>\n<meta property=\"article:published_time\" content=\"2024-01-22T15:15:27+00:00\" \/>\n<meta property=\"og:image\" content=\"https:\/\/obspenalbrumadinho.com.br\/wp-content\/uploads\/2024\/01\/credito-Carolina-de-Moura-para-Manifesto.jpeg\" \/>\n\t<meta property=\"og:image:width\" content=\"1600\" \/>\n\t<meta property=\"og:image:height\" content=\"1037\" \/>\n\t<meta property=\"og:image:type\" content=\"image\/jpeg\" \/>\n<meta name=\"author\" content=\"observatorio\" \/>\n<meta name=\"twitter:card\" content=\"summary_large_image\" \/>\n<meta name=\"twitter:label1\" content=\"Written by\" \/>\n\t<meta name=\"twitter:data1\" content=\"observatorio\" \/>\n\t<meta name=\"twitter:label2\" content=\"Est. reading time\" \/>\n\t<meta name=\"twitter:data2\" content=\"2 minutes\" \/>\n<script type=\"application\/ld+json\" class=\"yoast-schema-graph\">{\"@context\":\"https:\/\/schema.org\",\"@graph\":[{\"@type\":\"Article\",\"@id\":\"https:\/\/obspenalbrumadinho.com.br\/assine-e-divulgue-o-manifesto-basta-de-impunidade\/#article\",\"isPartOf\":{\"@id\":\"https:\/\/obspenalbrumadinho.com.br\/assine-e-divulgue-o-manifesto-basta-de-impunidade\/\"},\"author\":{\"name\":\"observatorio\",\"@id\":\"https:\/\/obspenalbrumadinho.com.br\/#\/schema\/person\/8fc6892a4b2f4f524001d994971db052\"},\"headline\":\"Assine e divulgue o Manifesto Basta de Impunidade\",\"datePublished\":\"2024-01-22T15:15:27+00:00\",\"mainEntityOfPage\":{\"@id\":\"https:\/\/obspenalbrumadinho.com.br\/assine-e-divulgue-o-manifesto-basta-de-impunidade\/\"},\"wordCount\":167,\"commentCount\":0,\"publisher\":{\"@id\":\"https:\/\/obspenalbrumadinho.com.br\/#organization\"},\"image\":{\"@id\":\"https:\/\/obspenalbrumadinho.com.br\/assine-e-divulgue-o-manifesto-basta-de-impunidade\/#primaryimage\"},\"thumbnailUrl\":\"https:\/\/obspenalbrumadinho.com.br\/wp-content\/uploads\/2024\/01\/credito-Carolina-de-Moura-para-Manifesto.jpeg\",\"keywords\":[\"Brumadinho\"],\"articleSection\":[\"A\u00e7\u00e3o penal\"],\"inLanguage\":\"en-US\",\"potentialAction\":[{\"@type\":\"CommentAction\",\"name\":\"Comment\",\"target\":[\"https:\/\/obspenalbrumadinho.com.br\/assine-e-divulgue-o-manifesto-basta-de-impunidade\/#respond\"]}]},{\"@type\":\"WebPage\",\"@id\":\"https:\/\/obspenalbrumadinho.com.br\/assine-e-divulgue-o-manifesto-basta-de-impunidade\/\",\"url\":\"https:\/\/obspenalbrumadinho.com.br\/assine-e-divulgue-o-manifesto-basta-de-impunidade\/\",\"name\":\"Assine e divulgue o Manifesto Basta de Impunidade - Observat\u00f3rio das A\u00e7\u00f5es Penais sobre a Trag\u00e9dia de Brumadinho\",\"isPartOf\":{\"@id\":\"https:\/\/obspenalbrumadinho.com.br\/#website\"},\"primaryImageOfPage\":{\"@id\":\"https:\/\/obspenalbrumadinho.com.br\/assine-e-divulgue-o-manifesto-basta-de-impunidade\/#primaryimage\"},\"image\":{\"@id\":\"https:\/\/obspenalbrumadinho.com.br\/assine-e-divulgue-o-manifesto-basta-de-impunidade\/#primaryimage\"},\"thumbnailUrl\":\"https:\/\/obspenalbrumadinho.com.br\/wp-content\/uploads\/2024\/01\/credito-Carolina-de-Moura-para-Manifesto.jpeg\",\"datePublished\":\"2024-01-22T15:15:27+00:00\",\"description\":\"Assine e divulgue o Manifesto Basta de Impunidade - Observat\u00f3rio das A\u00e7\u00f5es Penais sobre a Trag\u00e9dia de Brumadinho\",\"breadcrumb\":{\"@id\":\"https:\/\/obspenalbrumadinho.com.br\/assine-e-divulgue-o-manifesto-basta-de-impunidade\/#breadcrumb\"},\"inLanguage\":\"en-US\",\"potentialAction\":[{\"@type\":\"ReadAction\",\"target\":[\"https:\/\/obspenalbrumadinho.com.br\/assine-e-divulgue-o-manifesto-basta-de-impunidade\/\"]}]},{\"@type\":\"ImageObject\",\"inLanguage\":\"en-US\",\"@id\":\"https:\/\/obspenalbrumadinho.com.br\/assine-e-divulgue-o-manifesto-basta-de-impunidade\/#primaryimage\",\"url\":\"https:\/\/obspenalbrumadinho.com.br\/wp-content\/uploads\/2024\/01\/credito-Carolina-de-Moura-para-Manifesto.jpeg\",\"contentUrl\":\"https:\/\/obspenalbrumadinho.com.br\/wp-content\/uploads\/2024\/01\/credito-Carolina-de-Moura-para-Manifesto.jpeg\",\"width\":1600,\"height\":1037},{\"@type\":\"BreadcrumbList\",\"@id\":\"https:\/\/obspenalbrumadinho.com.br\/assine-e-divulgue-o-manifesto-basta-de-impunidade\/#breadcrumb\",\"itemListElement\":[{\"@type\":\"ListItem\",\"position\":1,\"name\":\"Home\",\"item\":\"https:\/\/obspenalbrumadinho.com.br\/en\/\"},{\"@type\":\"ListItem\",\"position\":2,\"name\":\"Assine e divulgue o Manifesto Basta de Impunidade\"}]},{\"@type\":\"WebSite\",\"@id\":\"https:\/\/obspenalbrumadinho.com.br\/#website\",\"url\":\"https:\/\/obspenalbrumadinho.com.br\/\",\"name\":\"Observat\u00f3rio das A\u00e7\u00f5es Penais sobre a Trag\u00e9dia de Brumadinho\",\"description\":\"Observat\u00f3rio das a\u00e7\u00f5es penais sobre a trag\u00e9dia de Brumadinho: acompanhe processos criminais no Brasil e na Alemanha, acervo online e not\u00edcias em defesa da justi\u00e7a.\",\"publisher\":{\"@id\":\"https:\/\/obspenalbrumadinho.com.br\/#organization\"},\"potentialAction\":[{\"@type\":\"SearchAction\",\"target\":{\"@type\":\"EntryPoint\",\"urlTemplate\":\"https:\/\/obspenalbrumadinho.com.br\/?s={search_term_string}\"},\"query-input\":{\"@type\":\"PropertyValueSpecification\",\"valueRequired\":true,\"valueName\":\"search_term_string\"}}],\"inLanguage\":\"en-US\"},{\"@type\":\"Organization\",\"@id\":\"https:\/\/obspenalbrumadinho.com.br\/#organization\",\"name\":\"Observat\u00f3rio das A\u00e7\u00f5es Penais sobre a Trag\u00e9dia de Brumadinho\",\"url\":\"https:\/\/obspenalbrumadinho.com.br\/\",\"logo\":{\"@type\":\"ImageObject\",\"inLanguage\":\"en-US\",\"@id\":\"https:\/\/obspenalbrumadinho.com.br\/#\/schema\/logo\/image\/\",\"url\":\"https:\/\/obspenalbrumadinho.com.br\/wp-content\/uploads\/2026\/02\/OBS-Logo-2025_Horizontal-1-scaled.png\",\"contentUrl\":\"https:\/\/obspenalbrumadinho.com.br\/wp-content\/uploads\/2026\/02\/OBS-Logo-2025_Horizontal-1-scaled.png\",\"width\":2560,\"height\":1098,\"caption\":\"Observat\u00f3rio das A\u00e7\u00f5es Penais sobre a Trag\u00e9dia de Brumadinho\"},\"image\":{\"@id\":\"https:\/\/obspenalbrumadinho.com.br\/#\/schema\/logo\/image\/\"}},{\"@type\":\"Person\",\"@id\":\"https:\/\/obspenalbrumadinho.com.br\/#\/schema\/person\/8fc6892a4b2f4f524001d994971db052\",\"name\":\"observatorio\",\"image\":{\"@type\":\"ImageObject\",\"inLanguage\":\"en-US\",\"@id\":\"https:\/\/obspenalbrumadinho.com.br\/#\/schema\/person\/image\/\",\"url\":\"https:\/\/secure.gravatar.com\/avatar\/b9fdb3317cc687ef5bde6fc0ffa25da9553570a5e21c6eed2693852d6602fe04?s=96&d=mm&r=g\",\"contentUrl\":\"https:\/\/secure.gravatar.com\/avatar\/b9fdb3317cc687ef5bde6fc0ffa25da9553570a5e21c6eed2693852d6602fe04?s=96&d=mm&r=g\",\"caption\":\"observatorio\"},\"sameAs\":[\"https:\/\/localhost\"],\"url\":\"https:\/\/obspenalbrumadinho.com.br\/en\/author\/observatorio\/\"}]}<\/script>\n<!-- \/ Yoast SEO plugin. -->","yoast_head_json":{"title":"Assine e divulgue o Manifesto Basta de Impunidade - Observat\u00f3rio das A\u00e7\u00f5es Penais sobre a Trag\u00e9dia de Brumadinho","description":"Assine e divulgue o Manifesto Basta de Impunidade - Observat\u00f3rio das A\u00e7\u00f5es Penais sobre a Trag\u00e9dia de Brumadinho","robots":{"index":"index","follow":"follow","max-snippet":"max-snippet:-1","max-image-preview":"max-image-preview:large","max-video-preview":"max-video-preview:-1"},"canonical":"https:\/\/obspenalbrumadinho.com.br\/assine-e-divulgue-o-manifesto-basta-de-impunidade\/","og_locale":"en_US","og_type":"article","og_title":"Assine e divulgue o Manifesto Basta de Impunidade - Observat\u00f3rio das A\u00e7\u00f5es Penais sobre a Trag\u00e9dia de Brumadinho","og_description":"Assine e divulgue o Manifesto Basta de Impunidade - Observat\u00f3rio das A\u00e7\u00f5es Penais sobre a Trag\u00e9dia de Brumadinho","og_url":"https:\/\/obspenalbrumadinho.com.br\/assine-e-divulgue-o-manifesto-basta-de-impunidade\/","og_site_name":"Observat\u00f3rio das A\u00e7\u00f5es Penais sobre a Trag\u00e9dia de Brumadinho","article_published_time":"2024-01-22T15:15:27+00:00","og_image":[{"width":1600,"height":1037,"url":"https:\/\/obspenalbrumadinho.com.br\/wp-content\/uploads\/2024\/01\/credito-Carolina-de-Moura-para-Manifesto.jpeg","type":"image\/jpeg"}],"author":"observatorio","twitter_card":"summary_large_image","twitter_misc":{"Written by":"observatorio","Est. reading time":"2 minutes"},"schema":{"@context":"https:\/\/schema.org","@graph":[{"@type":"Article","@id":"https:\/\/obspenalbrumadinho.com.br\/assine-e-divulgue-o-manifesto-basta-de-impunidade\/#article","isPartOf":{"@id":"https:\/\/obspenalbrumadinho.com.br\/assine-e-divulgue-o-manifesto-basta-de-impunidade\/"},"author":{"name":"observatorio","@id":"https:\/\/obspenalbrumadinho.com.br\/#\/schema\/person\/8fc6892a4b2f4f524001d994971db052"},"headline":"Assine e divulgue o Manifesto Basta de Impunidade","datePublished":"2024-01-22T15:15:27+00:00","mainEntityOfPage":{"@id":"https:\/\/obspenalbrumadinho.com.br\/assine-e-divulgue-o-manifesto-basta-de-impunidade\/"},"wordCount":167,"commentCount":0,"publisher":{"@id":"https:\/\/obspenalbrumadinho.com.br\/#organization"},"image":{"@id":"https:\/\/obspenalbrumadinho.com.br\/assine-e-divulgue-o-manifesto-basta-de-impunidade\/#primaryimage"},"thumbnailUrl":"https:\/\/obspenalbrumadinho.com.br\/wp-content\/uploads\/2024\/01\/credito-Carolina-de-Moura-para-Manifesto.jpeg","keywords":["Brumadinho"],"articleSection":["A\u00e7\u00e3o penal"],"inLanguage":"en-US","potentialAction":[{"@type":"CommentAction","name":"Comment","target":["https:\/\/obspenalbrumadinho.com.br\/assine-e-divulgue-o-manifesto-basta-de-impunidade\/#respond"]}]},{"@type":"WebPage","@id":"https:\/\/obspenalbrumadinho.com.br\/assine-e-divulgue-o-manifesto-basta-de-impunidade\/","url":"https:\/\/obspenalbrumadinho.com.br\/assine-e-divulgue-o-manifesto-basta-de-impunidade\/","name":"Assine e divulgue o Manifesto Basta de Impunidade - Observat\u00f3rio das A\u00e7\u00f5es Penais sobre a Trag\u00e9dia de Brumadinho","isPartOf":{"@id":"https:\/\/obspenalbrumadinho.com.br\/#website"},"primaryImageOfPage":{"@id":"https:\/\/obspenalbrumadinho.com.br\/assine-e-divulgue-o-manifesto-basta-de-impunidade\/#primaryimage"},"image":{"@id":"https:\/\/obspenalbrumadinho.com.br\/assine-e-divulgue-o-manifesto-basta-de-impunidade\/#primaryimage"},"thumbnailUrl":"https:\/\/obspenalbrumadinho.com.br\/wp-content\/uploads\/2024\/01\/credito-Carolina-de-Moura-para-Manifesto.jpeg","datePublished":"2024-01-22T15:15:27+00:00","description":"Assine e divulgue o Manifesto Basta de Impunidade - Observat\u00f3rio das A\u00e7\u00f5es Penais sobre a Trag\u00e9dia de Brumadinho","breadcrumb":{"@id":"https:\/\/obspenalbrumadinho.com.br\/assine-e-divulgue-o-manifesto-basta-de-impunidade\/#breadcrumb"},"inLanguage":"en-US","potentialAction":[{"@type":"ReadAction","target":["https:\/\/obspenalbrumadinho.com.br\/assine-e-divulgue-o-manifesto-basta-de-impunidade\/"]}]},{"@type":"ImageObject","inLanguage":"en-US","@id":"https:\/\/obspenalbrumadinho.com.br\/assine-e-divulgue-o-manifesto-basta-de-impunidade\/#primaryimage","url":"https:\/\/obspenalbrumadinho.com.br\/wp-content\/uploads\/2024\/01\/credito-Carolina-de-Moura-para-Manifesto.jpeg","contentUrl":"https:\/\/obspenalbrumadinho.com.br\/wp-content\/uploads\/2024\/01\/credito-Carolina-de-Moura-para-Manifesto.jpeg","width":1600,"height":1037},{"@type":"BreadcrumbList","@id":"https:\/\/obspenalbrumadinho.com.br\/assine-e-divulgue-o-manifesto-basta-de-impunidade\/#breadcrumb","itemListElement":[{"@type":"ListItem","position":1,"name":"Home","item":"https:\/\/obspenalbrumadinho.com.br\/en\/"},{"@type":"ListItem","position":2,"name":"Assine e divulgue o Manifesto Basta de Impunidade"}]},{"@type":"WebSite","@id":"https:\/\/obspenalbrumadinho.com.br\/#website","url":"https:\/\/obspenalbrumadinho.com.br\/","name":"Observat\u00f3rio das A\u00e7\u00f5es Penais sobre a Trag\u00e9dia de Brumadinho","description":"Observat\u00f3rio das a\u00e7\u00f5es penais sobre a trag\u00e9dia de Brumadinho: acompanhe processos criminais no Brasil e na Alemanha, acervo online e not\u00edcias em defesa da justi\u00e7a.","publisher":{"@id":"https:\/\/obspenalbrumadinho.com.br\/#organization"},"potentialAction":[{"@type":"SearchAction","target":{"@type":"EntryPoint","urlTemplate":"https:\/\/obspenalbrumadinho.com.br\/?s={search_term_string}"},"query-input":{"@type":"PropertyValueSpecification","valueRequired":true,"valueName":"search_term_string"}}],"inLanguage":"en-US"},{"@type":"Organization","@id":"https:\/\/obspenalbrumadinho.com.br\/#organization","name":"Observat\u00f3rio das A\u00e7\u00f5es Penais sobre a Trag\u00e9dia de Brumadinho","url":"https:\/\/obspenalbrumadinho.com.br\/","logo":{"@type":"ImageObject","inLanguage":"en-US","@id":"https:\/\/obspenalbrumadinho.com.br\/#\/schema\/logo\/image\/","url":"https:\/\/obspenalbrumadinho.com.br\/wp-content\/uploads\/2026\/02\/OBS-Logo-2025_Horizontal-1-scaled.png","contentUrl":"https:\/\/obspenalbrumadinho.com.br\/wp-content\/uploads\/2026\/02\/OBS-Logo-2025_Horizontal-1-scaled.png","width":2560,"height":1098,"caption":"Observat\u00f3rio das A\u00e7\u00f5es Penais sobre a Trag\u00e9dia de Brumadinho"},"image":{"@id":"https:\/\/obspenalbrumadinho.com.br\/#\/schema\/logo\/image\/"}},{"@type":"Person","@id":"https:\/\/obspenalbrumadinho.com.br\/#\/schema\/person\/8fc6892a4b2f4f524001d994971db052","name":"observatorio","image":{"@type":"ImageObject","inLanguage":"en-US","@id":"https:\/\/obspenalbrumadinho.com.br\/#\/schema\/person\/image\/","url":"https:\/\/secure.gravatar.com\/avatar\/b9fdb3317cc687ef5bde6fc0ffa25da9553570a5e21c6eed2693852d6602fe04?s=96&d=mm&r=g","contentUrl":"https:\/\/secure.gravatar.com\/avatar\/b9fdb3317cc687ef5bde6fc0ffa25da9553570a5e21c6eed2693852d6602fe04?s=96&d=mm&r=g","caption":"observatorio"},"sameAs":["https:\/\/localhost"],"url":"https:\/\/obspenalbrumadinho.com.br\/en\/author\/observatorio\/"}]}},"_links":{"self":[{"href":"https:\/\/obspenalbrumadinho.com.br\/en\/wp-json\/wp\/v2\/posts\/2698","targetHints":{"allow":["GET"]}}],"collection":[{"href":"https:\/\/obspenalbrumadinho.com.br\/en\/wp-json\/wp\/v2\/posts"}],"about":[{"href":"https:\/\/obspenalbrumadinho.com.br\/en\/wp-json\/wp\/v2\/types\/post"}],"author":[{"embeddable":true,"href":"https:\/\/obspenalbrumadinho.com.br\/en\/wp-json\/wp\/v2\/users\/1"}],"replies":[{"embeddable":true,"href":"https:\/\/obspenalbrumadinho.com.br\/en\/wp-json\/wp\/v2\/comments?post=2698"}],"version-history":[{"count":1,"href":"https:\/\/obspenalbrumadinho.com.br\/en\/wp-json\/wp\/v2\/posts\/2698\/revisions"}],"predecessor-version":[{"id":2702,"href":"https:\/\/obspenalbrumadinho.com.br\/en\/wp-json\/wp\/v2\/posts\/2698\/revisions\/2702"}],"wp:featuredmedia":[{"embeddable":true,"href":"https:\/\/obspenalbrumadinho.com.br\/en\/wp-json\/wp\/v2\/media\/2699"}],"wp:attachment":[{"href":"https:\/\/obspenalbrumadinho.com.br\/en\/wp-json\/wp\/v2\/media?parent=2698"}],"wp:term":[{"taxonomy":"category","embeddable":true,"href":"https:\/\/obspenalbrumadinho.com.br\/en\/wp-json\/wp\/v2\/categories?post=2698"},{"taxonomy":"post_tag","embeddable":true,"href":"https:\/\/obspenalbrumadinho.com.br\/en\/wp-json\/wp\/v2\/tags?post=2698"}],"curies":[{"name":"wp","href":"https:\/\/api.w.org\/{rel}","templated":true}]}}