 {"id":2751,"date":"2024-02-07T12:08:05","date_gmt":"2024-02-07T15:08:05","guid":{"rendered":"https:\/\/obspenalbrumadinho.com.br\/?p=2751"},"modified":"2024-02-23T17:15:43","modified_gmt":"2024-02-23T20:15:43","slug":"quem-deve-ser-julgado-pelos-crimes-da-vale-em-brumadinho","status":"publish","type":"post","link":"https:\/\/obspenalbrumadinho.com.br\/en\/quem-deve-ser-julgado-pelos-crimes-da-vale-em-brumadinho\/","title":{"rendered":"Quem deve ser julgado pelos crimes da Vale em Brumadinho?"},"content":{"rendered":"<p><strong><img loading=\"lazy\" decoding=\"async\" class=\"size-full wp-image-2752 alignleft\" src=\"https:\/\/obspenalbrumadinho.com.br\/wp-content\/uploads\/2024\/02\/selonovo.webp\" alt=\"\" width=\"169\" height=\"42\" srcset=\"https:\/\/obspenalbrumadinho.com.br\/wp-content\/uploads\/2024\/02\/selonovo.webp 169w, https:\/\/obspenalbrumadinho.com.br\/wp-content\/uploads\/2024\/02\/selonovo-162x40.webp 162w\" sizes=\"auto, (max-width: 169px) 100vw, 169px\" \/> <\/strong><\/p>\n<p><strong>Marina Amaral, Ag\u00eancia P\u00fablica<br \/>\n<\/strong><strong>@amarinamaral<\/strong><\/p>\n<p><em>16 de dezembro de 2023<\/em><\/p>\n<p>Quase cinco anos depois de mais de duas centenas de pessoas terem sido afogadas por um mar de lama com o rompimento de uma barragem da Vale em Brumadinho, ningu\u00e9m foi responsabilizado pelas mortes. Nenhum dos 16 r\u00e9us apontados pelo Minist\u00e9rio P\u00fablico de Minas Gerais (MPMG) foi a julgamento. Ainda h\u00e1 tr\u00eas pessoas desaparecidas e a bacia do rio Paraopeba segue polu\u00edda, afetando comunidades e cidades na regi\u00e3o.<\/p>\n<p>A den\u00fancia do MPMG que deu in\u00edcio \u00e0 a\u00e7\u00e3o penal em 2019, transferida para a Justi\u00e7a Federal em 2022 a pedido dos r\u00e9us, o que atrasou todo o processo, apontou como r\u00e9us pelos homic\u00eddios dolosos (qualificados) 11 funcion\u00e1rios da Vale \u2013 entre eles o seu ent\u00e3o presidente, F\u00e1bio Schvartsman \u2013 e cinco funcion\u00e1rios da Tuv-Sud (empresa que fez a per\u00edcia atestando a \u201cestabilidade\u201d da barragem que causou a cat\u00e1strofe de 25 de janeiro de 2019).<\/p>\n<p>Para o MPMG \u2013 e tamb\u00e9m para o Minist\u00e9rio P\u00fablico Federal (MPF), que assumiu a a\u00e7\u00e3o com a federaliza\u00e7\u00e3o e ratificou a den\u00fancia \u2013, \u201cera previs\u00edvel, calculado, conhecido e assumido pela equipe da VALE e da T\u00dcV S\u00dcD o risco proibido de uma abrupta ruptura da Barragem I, com o violento deslocamento de toneladas de lama em alta velocidade para impactar as estruturas administrativas em poucos segundos e a comunicante jusante rapidamente\u201d. Cerca de 600 pessoas trabalhavam na \u00e1rea que seria imediatamente afetada e h\u00e1 pelo menos dois anos a companhia tinha ci\u00eancia das m\u00e1s condi\u00e7\u00f5es da barragem que rompeu, segundo o MP.<\/p>\n<p>E mais: \u201ca VALE ocultou e dissimulou do Poder P\u00fablico e da sociedade, de forma sistem\u00e1tica e permanente, informa\u00e7\u00f5es importantes sobre a situa\u00e7\u00e3o de (in)seguran\u00e7a de diversas de suas barragens [\u2026] para evitar impactos reputacionais negativos de curto prazo e permitir omiss\u00f5es penalmente relevantes quanto a medidas de transpar\u00eancia, emerg\u00eancia e seguran\u00e7a\u201d.<\/p>\n<p>Ou seja, quando o ex-presidente da Vale veio a p\u00fablico, em um evento para investidores do Ita\u00fa, em fevereiro de 2018, garantir que \u201cas barragens est\u00e3o impec\u00e1veis\u201d, sem tomar nenhuma provid\u00eancia para proteger seus funcion\u00e1rios, ele sabia o que estava fazendo. Isso tr\u00eas anos depois da trag\u00e9dia em Mariana, tamb\u00e9m de responsabilidade da companhia.<\/p>\n<p>Nas palavras do MP: \u201cNa divis\u00e3o de tarefas para a din\u00e2mica f\u00e1tica que levou ao crime humanit\u00e1rio e ambiental, o presidente F\u00c1BIO SCHVARTSMAN ocupou posi\u00e7\u00e3o de comando que orientou todo o ambiente corporativo, voltado para manter a qualquer custo a reputa\u00e7\u00e3o da VALE\u201d. E conclui: \u201cAssim agindo, o denunciado assumiu o risco de produzir os resultados \u2013 mortes e danos ambientais \u2014 advindos do rompimento da Barragem I da Mina C\u00f3rrego do Feij\u00e3o, contribuindo decisivamente para que tais resultados ocorressem da forma e na propor\u00e7\u00e3o como ocorreram\u201d.<\/p>\n<p>Pois bem. Na quarta-feira passada, a Segunda Turma do TRF-6 come\u00e7ou a julgar um habeas corpus (HC) impetrado pela defesa do ex-presidente da Vale pedindo, simplesmente, o trancamento da a\u00e7\u00e3o penal. Resumindo os argumentos do HC, afirma-se basicamente que Schvartsman n\u00e3o tinha conhecimento dos riscos e nada teve a ver com o \u201cacidente\u201d que tirou a vida de tantas pessoas, boa parte delas funcion\u00e1rios da pr\u00f3pria companhia.<\/p>\n<p>O HC recebeu um voto favor\u00e1vel do relator do caso na mesma quarta-feira (o julgamento foi suspenso por um pedido de vista e deve ser retomado em fevereiro de 2024). Para piorar a hist\u00f3ria, o recurso foi mantido em sigilo (o processo corre publicamente) at\u00e9 seis horas antes do julgamento, dificultando a estrat\u00e9gia jur\u00eddica dos representantes das v\u00edtimas e abafando o caso perante a opini\u00e3o p\u00fablica.<\/p>\n<p>\u201cQuem n\u00e3o deve n\u00e3o teme. Se ele afirma que n\u00e3o tem responsabilidade no rompimento, n\u00e3o deveria ter medo de ser julgado\u201d, declarou Edi Tavares, diretor da Associa\u00e7\u00e3o dos Familiares e Atingidos pelo Rompimento da Barragem Mina do C\u00f3rrego do Feij\u00e3o (Avabrum), para quem Schvartsman tem todo o direito de se defender, mas n\u00e3o de evitar o julgamento.<\/p>\n<p>A decis\u00e3o do relator tamb\u00e9m provocou o estranhamento de procuradores e advogados que atuam como assistentes de acusa\u00e7\u00e3o, j\u00e1 que \u201cn\u00e3o cabe habeas corpus contra decis\u00e3o que indefere pedido liminar, salvo em casos de flagrante ilegalidade ou teratologia da decis\u00e3o impugnada, sob pena de supress\u00e3o de inst\u00e2ncia\u201d, de acordo com o parecer do MPF sobre o HC.<\/p>\n<p>Traduzindo para o portugu\u00eas, como me explicou Danilo Chammas, advogado da Avabrum: \u201c\u00c9 muito raro que um HC que pede o trancamento de uma a\u00e7\u00e3o seja julgado procedente, a n\u00e3o ser que haja erros grandes, o que n\u00e3o \u00e9 o caso de uma den\u00fancia extensa apoiada em muitas provas. A jurisprud\u00eancia \u00e9 superclara: o HC n\u00e3o se presta para a an\u00e1lise de fatos e provas. O r\u00e9u tem todo o direito de se defender, mas isso deve ser feito no curso do processo, n\u00e3o suprimindo o julgamento\u201d, disse Chammas.<\/p>\n<p>Desde o in\u00edcio, o processo de Brumadinho vem sofrendo interfer\u00eancias que preocupam n\u00e3o apenas os advogados das v\u00edtimas e o MP, mas todos os que conhecem a permeabilidade da Justi\u00e7a ao poder econ\u00f4mico e a pouca disposi\u00e7\u00e3o da imprensa para dar publicidade aos meandros de processos judiciais que evidenciam o poder desse tipo de r\u00e9u.<\/p>\n<p>O silenciamento do debate p\u00fablico \u00e9 o caminho mais seguro para a impunidade.<\/p>\n<p>&nbsp;<\/p>\n","protected":false},"excerpt":{"rendered":"<p>Ex-presidente da Vale tenta trancar a\u00e7\u00e3o penal em que \u00e9 r\u00e9u por 270 homic\u00eddios no rompimento da barragem em 2019<\/p>\n","protected":false},"author":1,"featured_media":2755,"comment_status":"open","ping_status":"open","sticky":false,"template":"","format":"standard","meta":{"_acf_changed":false,"footnotes":""},"categories":[43],"tags":[80,81,34,82,78],"class_list":["post-2751","post","type-post","status-publish","format-standard","has-post-thumbnail","hentry","category-5-anos-brumadinho","tag-barragem","tag-barragem-da-vale","tag-brumadinho","tag-observatorio-das-acoes-penais","tag-observatorio-penal-brumadinho"],"acf":[],"yoast_head":"<!-- This site is optimized with the Yoast SEO plugin v26.8 - https:\/\/yoast.com\/product\/yoast-seo-wordpress\/ -->\n<title>Quem deve ser julgado pelos crimes da Vale em Brumadinho? - Observat\u00f3rio das A\u00e7\u00f5es Penais sobre a Trag\u00e9dia de Brumadinho<\/title>\n<meta name=\"description\" content=\"Quem deve ser julgado pelos crimes da Vale em Brumadinho? - Observat\u00f3rio das A\u00e7\u00f5es Penais sobre a Trag\u00e9dia de Brumadinho\" \/>\n<meta name=\"robots\" content=\"index, follow, max-snippet:-1, max-image-preview:large, max-video-preview:-1\" \/>\n<link rel=\"canonical\" href=\"https:\/\/obspenalbrumadinho.com.br\/quem-deve-ser-julgado-pelos-crimes-da-vale-em-brumadinho\/\" \/>\n<meta property=\"og:locale\" content=\"en_US\" \/>\n<meta property=\"og:type\" content=\"article\" \/>\n<meta property=\"og:title\" content=\"Quem deve ser julgado pelos crimes da Vale em Brumadinho? - Observat\u00f3rio das A\u00e7\u00f5es Penais sobre a Trag\u00e9dia de Brumadinho\" \/>\n<meta property=\"og:description\" content=\"Quem deve ser julgado pelos crimes da Vale em Brumadinho? - Observat\u00f3rio das A\u00e7\u00f5es Penais sobre a Trag\u00e9dia de Brumadinho\" \/>\n<meta property=\"og:url\" content=\"https:\/\/obspenalbrumadinho.com.br\/quem-deve-ser-julgado-pelos-crimes-da-vale-em-brumadinho\/\" \/>\n<meta property=\"og:site_name\" content=\"Observat\u00f3rio das A\u00e7\u00f5es Penais sobre a Trag\u00e9dia de Brumadinho\" \/>\n<meta property=\"article:published_time\" content=\"2024-02-07T15:08:05+00:00\" \/>\n<meta property=\"article:modified_time\" content=\"2024-02-23T20:15:43+00:00\" \/>\n<meta property=\"og:image\" content=\"https:\/\/obspenalbrumadinho.com.br\/wp-content\/uploads\/2024\/02\/DSC00359-scaled.jpg\" \/>\n\t<meta property=\"og:image:width\" content=\"2560\" \/>\n\t<meta property=\"og:image:height\" content=\"1707\" \/>\n\t<meta property=\"og:image:type\" content=\"image\/jpeg\" \/>\n<meta name=\"author\" content=\"observatorio\" \/>\n<meta name=\"twitter:card\" content=\"summary_large_image\" \/>\n<meta name=\"twitter:label1\" content=\"Written by\" \/>\n\t<meta name=\"twitter:data1\" content=\"observatorio\" \/>\n\t<meta name=\"twitter:label2\" content=\"Est. reading time\" \/>\n\t<meta name=\"twitter:data2\" content=\"6 minutes\" \/>\n<script type=\"application\/ld+json\" class=\"yoast-schema-graph\">{\"@context\":\"https:\/\/schema.org\",\"@graph\":[{\"@type\":\"Article\",\"@id\":\"https:\/\/obspenalbrumadinho.com.br\/quem-deve-ser-julgado-pelos-crimes-da-vale-em-brumadinho\/#article\",\"isPartOf\":{\"@id\":\"https:\/\/obspenalbrumadinho.com.br\/quem-deve-ser-julgado-pelos-crimes-da-vale-em-brumadinho\/\"},\"author\":{\"name\":\"observatorio\",\"@id\":\"https:\/\/obspenalbrumadinho.com.br\/#\/schema\/person\/8fc6892a4b2f4f524001d994971db052\"},\"headline\":\"Quem deve ser julgado pelos crimes da Vale em Brumadinho?\",\"datePublished\":\"2024-02-07T15:08:05+00:00\",\"dateModified\":\"2024-02-23T20:15:43+00:00\",\"mainEntityOfPage\":{\"@id\":\"https:\/\/obspenalbrumadinho.com.br\/quem-deve-ser-julgado-pelos-crimes-da-vale-em-brumadinho\/\"},\"wordCount\":950,\"commentCount\":0,\"publisher\":{\"@id\":\"https:\/\/obspenalbrumadinho.com.br\/#organization\"},\"image\":{\"@id\":\"https:\/\/obspenalbrumadinho.com.br\/quem-deve-ser-julgado-pelos-crimes-da-vale-em-brumadinho\/#primaryimage\"},\"thumbnailUrl\":\"https:\/\/obspenalbrumadinho.com.br\/wp-content\/uploads\/2024\/02\/DSC00359-scaled.jpg\",\"keywords\":[\"barragem\",\"barragem da Vale\",\"Brumadinho\",\"observat\u00f3rio das a\u00e7\u00f5es penais\",\"observatorio penal brumadinho\"],\"articleSection\":[\"5 anos Brumadinho\"],\"inLanguage\":\"en-US\",\"potentialAction\":[{\"@type\":\"CommentAction\",\"name\":\"Comment\",\"target\":[\"https:\/\/obspenalbrumadinho.com.br\/quem-deve-ser-julgado-pelos-crimes-da-vale-em-brumadinho\/#respond\"]}]},{\"@type\":\"WebPage\",\"@id\":\"https:\/\/obspenalbrumadinho.com.br\/quem-deve-ser-julgado-pelos-crimes-da-vale-em-brumadinho\/\",\"url\":\"https:\/\/obspenalbrumadinho.com.br\/quem-deve-ser-julgado-pelos-crimes-da-vale-em-brumadinho\/\",\"name\":\"Quem deve ser julgado pelos crimes da Vale em Brumadinho? - Observat\u00f3rio das A\u00e7\u00f5es Penais sobre a Trag\u00e9dia de Brumadinho\",\"isPartOf\":{\"@id\":\"https:\/\/obspenalbrumadinho.com.br\/#website\"},\"primaryImageOfPage\":{\"@id\":\"https:\/\/obspenalbrumadinho.com.br\/quem-deve-ser-julgado-pelos-crimes-da-vale-em-brumadinho\/#primaryimage\"},\"image\":{\"@id\":\"https:\/\/obspenalbrumadinho.com.br\/quem-deve-ser-julgado-pelos-crimes-da-vale-em-brumadinho\/#primaryimage\"},\"thumbnailUrl\":\"https:\/\/obspenalbrumadinho.com.br\/wp-content\/uploads\/2024\/02\/DSC00359-scaled.jpg\",\"datePublished\":\"2024-02-07T15:08:05+00:00\",\"dateModified\":\"2024-02-23T20:15:43+00:00\",\"description\":\"Quem deve ser julgado pelos crimes da Vale em Brumadinho? - Observat\u00f3rio das A\u00e7\u00f5es Penais sobre a Trag\u00e9dia de Brumadinho\",\"breadcrumb\":{\"@id\":\"https:\/\/obspenalbrumadinho.com.br\/quem-deve-ser-julgado-pelos-crimes-da-vale-em-brumadinho\/#breadcrumb\"},\"inLanguage\":\"en-US\",\"potentialAction\":[{\"@type\":\"ReadAction\",\"target\":[\"https:\/\/obspenalbrumadinho.com.br\/quem-deve-ser-julgado-pelos-crimes-da-vale-em-brumadinho\/\"]}]},{\"@type\":\"ImageObject\",\"inLanguage\":\"en-US\",\"@id\":\"https:\/\/obspenalbrumadinho.com.br\/quem-deve-ser-julgado-pelos-crimes-da-vale-em-brumadinho\/#primaryimage\",\"url\":\"https:\/\/obspenalbrumadinho.com.br\/wp-content\/uploads\/2024\/02\/DSC00359-scaled.jpg\",\"contentUrl\":\"https:\/\/obspenalbrumadinho.com.br\/wp-content\/uploads\/2024\/02\/DSC00359-scaled.jpg\",\"width\":2560,\"height\":1707},{\"@type\":\"BreadcrumbList\",\"@id\":\"https:\/\/obspenalbrumadinho.com.br\/quem-deve-ser-julgado-pelos-crimes-da-vale-em-brumadinho\/#breadcrumb\",\"itemListElement\":[{\"@type\":\"ListItem\",\"position\":1,\"name\":\"Home\",\"item\":\"https:\/\/obspenalbrumadinho.com.br\/en\/\"},{\"@type\":\"ListItem\",\"position\":2,\"name\":\"Quem deve ser julgado pelos crimes da Vale em Brumadinho?\"}]},{\"@type\":\"WebSite\",\"@id\":\"https:\/\/obspenalbrumadinho.com.br\/#website\",\"url\":\"https:\/\/obspenalbrumadinho.com.br\/\",\"name\":\"Observat\u00f3rio das A\u00e7\u00f5es Penais sobre a Trag\u00e9dia de Brumadinho\",\"description\":\"Observat\u00f3rio das a\u00e7\u00f5es penais sobre a trag\u00e9dia de Brumadinho: acompanhe processos criminais no Brasil e na Alemanha, acervo online e not\u00edcias em defesa da justi\u00e7a.\",\"publisher\":{\"@id\":\"https:\/\/obspenalbrumadinho.com.br\/#organization\"},\"potentialAction\":[{\"@type\":\"SearchAction\",\"target\":{\"@type\":\"EntryPoint\",\"urlTemplate\":\"https:\/\/obspenalbrumadinho.com.br\/?s={search_term_string}\"},\"query-input\":{\"@type\":\"PropertyValueSpecification\",\"valueRequired\":true,\"valueName\":\"search_term_string\"}}],\"inLanguage\":\"en-US\"},{\"@type\":\"Organization\",\"@id\":\"https:\/\/obspenalbrumadinho.com.br\/#organization\",\"name\":\"Observat\u00f3rio das A\u00e7\u00f5es Penais sobre a Trag\u00e9dia de Brumadinho\",\"url\":\"https:\/\/obspenalbrumadinho.com.br\/\",\"logo\":{\"@type\":\"ImageObject\",\"inLanguage\":\"en-US\",\"@id\":\"https:\/\/obspenalbrumadinho.com.br\/#\/schema\/logo\/image\/\",\"url\":\"https:\/\/obspenalbrumadinho.com.br\/wp-content\/uploads\/2026\/02\/OBS-Logo-2025_Horizontal-1-scaled.png\",\"contentUrl\":\"https:\/\/obspenalbrumadinho.com.br\/wp-content\/uploads\/2026\/02\/OBS-Logo-2025_Horizontal-1-scaled.png\",\"width\":2560,\"height\":1098,\"caption\":\"Observat\u00f3rio das A\u00e7\u00f5es Penais sobre a Trag\u00e9dia de Brumadinho\"},\"image\":{\"@id\":\"https:\/\/obspenalbrumadinho.com.br\/#\/schema\/logo\/image\/\"}},{\"@type\":\"Person\",\"@id\":\"https:\/\/obspenalbrumadinho.com.br\/#\/schema\/person\/8fc6892a4b2f4f524001d994971db052\",\"name\":\"observatorio\",\"image\":{\"@type\":\"ImageObject\",\"inLanguage\":\"en-US\",\"@id\":\"https:\/\/obspenalbrumadinho.com.br\/#\/schema\/person\/image\/\",\"url\":\"https:\/\/secure.gravatar.com\/avatar\/b9fdb3317cc687ef5bde6fc0ffa25da9553570a5e21c6eed2693852d6602fe04?s=96&d=mm&r=g\",\"contentUrl\":\"https:\/\/secure.gravatar.com\/avatar\/b9fdb3317cc687ef5bde6fc0ffa25da9553570a5e21c6eed2693852d6602fe04?s=96&d=mm&r=g\",\"caption\":\"observatorio\"},\"sameAs\":[\"https:\/\/localhost\"],\"url\":\"https:\/\/obspenalbrumadinho.com.br\/en\/author\/observatorio\/\"}]}<\/script>\n<!-- \/ Yoast SEO plugin. -->","yoast_head_json":{"title":"Quem deve ser julgado pelos crimes da Vale em Brumadinho? - Observat\u00f3rio das A\u00e7\u00f5es Penais sobre a Trag\u00e9dia de Brumadinho","description":"Quem deve ser julgado pelos crimes da Vale em Brumadinho? - Observat\u00f3rio das A\u00e7\u00f5es Penais sobre a Trag\u00e9dia de Brumadinho","robots":{"index":"index","follow":"follow","max-snippet":"max-snippet:-1","max-image-preview":"max-image-preview:large","max-video-preview":"max-video-preview:-1"},"canonical":"https:\/\/obspenalbrumadinho.com.br\/quem-deve-ser-julgado-pelos-crimes-da-vale-em-brumadinho\/","og_locale":"en_US","og_type":"article","og_title":"Quem deve ser julgado pelos crimes da Vale em Brumadinho? - Observat\u00f3rio das A\u00e7\u00f5es Penais sobre a Trag\u00e9dia de Brumadinho","og_description":"Quem deve ser julgado pelos crimes da Vale em Brumadinho? - Observat\u00f3rio das A\u00e7\u00f5es Penais sobre a Trag\u00e9dia de Brumadinho","og_url":"https:\/\/obspenalbrumadinho.com.br\/quem-deve-ser-julgado-pelos-crimes-da-vale-em-brumadinho\/","og_site_name":"Observat\u00f3rio das A\u00e7\u00f5es Penais sobre a Trag\u00e9dia de Brumadinho","article_published_time":"2024-02-07T15:08:05+00:00","article_modified_time":"2024-02-23T20:15:43+00:00","og_image":[{"width":2560,"height":1707,"url":"https:\/\/obspenalbrumadinho.com.br\/wp-content\/uploads\/2024\/02\/DSC00359-scaled.jpg","type":"image\/jpeg"}],"author":"observatorio","twitter_card":"summary_large_image","twitter_misc":{"Written by":"observatorio","Est. reading time":"6 minutes"},"schema":{"@context":"https:\/\/schema.org","@graph":[{"@type":"Article","@id":"https:\/\/obspenalbrumadinho.com.br\/quem-deve-ser-julgado-pelos-crimes-da-vale-em-brumadinho\/#article","isPartOf":{"@id":"https:\/\/obspenalbrumadinho.com.br\/quem-deve-ser-julgado-pelos-crimes-da-vale-em-brumadinho\/"},"author":{"name":"observatorio","@id":"https:\/\/obspenalbrumadinho.com.br\/#\/schema\/person\/8fc6892a4b2f4f524001d994971db052"},"headline":"Quem deve ser julgado pelos crimes da Vale em Brumadinho?","datePublished":"2024-02-07T15:08:05+00:00","dateModified":"2024-02-23T20:15:43+00:00","mainEntityOfPage":{"@id":"https:\/\/obspenalbrumadinho.com.br\/quem-deve-ser-julgado-pelos-crimes-da-vale-em-brumadinho\/"},"wordCount":950,"commentCount":0,"publisher":{"@id":"https:\/\/obspenalbrumadinho.com.br\/#organization"},"image":{"@id":"https:\/\/obspenalbrumadinho.com.br\/quem-deve-ser-julgado-pelos-crimes-da-vale-em-brumadinho\/#primaryimage"},"thumbnailUrl":"https:\/\/obspenalbrumadinho.com.br\/wp-content\/uploads\/2024\/02\/DSC00359-scaled.jpg","keywords":["barragem","barragem da Vale","Brumadinho","observat\u00f3rio das a\u00e7\u00f5es penais","observatorio penal brumadinho"],"articleSection":["5 anos Brumadinho"],"inLanguage":"en-US","potentialAction":[{"@type":"CommentAction","name":"Comment","target":["https:\/\/obspenalbrumadinho.com.br\/quem-deve-ser-julgado-pelos-crimes-da-vale-em-brumadinho\/#respond"]}]},{"@type":"WebPage","@id":"https:\/\/obspenalbrumadinho.com.br\/quem-deve-ser-julgado-pelos-crimes-da-vale-em-brumadinho\/","url":"https:\/\/obspenalbrumadinho.com.br\/quem-deve-ser-julgado-pelos-crimes-da-vale-em-brumadinho\/","name":"Quem deve ser julgado pelos crimes da Vale em Brumadinho? - Observat\u00f3rio das A\u00e7\u00f5es Penais sobre a Trag\u00e9dia de Brumadinho","isPartOf":{"@id":"https:\/\/obspenalbrumadinho.com.br\/#website"},"primaryImageOfPage":{"@id":"https:\/\/obspenalbrumadinho.com.br\/quem-deve-ser-julgado-pelos-crimes-da-vale-em-brumadinho\/#primaryimage"},"image":{"@id":"https:\/\/obspenalbrumadinho.com.br\/quem-deve-ser-julgado-pelos-crimes-da-vale-em-brumadinho\/#primaryimage"},"thumbnailUrl":"https:\/\/obspenalbrumadinho.com.br\/wp-content\/uploads\/2024\/02\/DSC00359-scaled.jpg","datePublished":"2024-02-07T15:08:05+00:00","dateModified":"2024-02-23T20:15:43+00:00","description":"Quem deve ser julgado pelos crimes da Vale em Brumadinho? - Observat\u00f3rio das A\u00e7\u00f5es Penais sobre a Trag\u00e9dia de Brumadinho","breadcrumb":{"@id":"https:\/\/obspenalbrumadinho.com.br\/quem-deve-ser-julgado-pelos-crimes-da-vale-em-brumadinho\/#breadcrumb"},"inLanguage":"en-US","potentialAction":[{"@type":"ReadAction","target":["https:\/\/obspenalbrumadinho.com.br\/quem-deve-ser-julgado-pelos-crimes-da-vale-em-brumadinho\/"]}]},{"@type":"ImageObject","inLanguage":"en-US","@id":"https:\/\/obspenalbrumadinho.com.br\/quem-deve-ser-julgado-pelos-crimes-da-vale-em-brumadinho\/#primaryimage","url":"https:\/\/obspenalbrumadinho.com.br\/wp-content\/uploads\/2024\/02\/DSC00359-scaled.jpg","contentUrl":"https:\/\/obspenalbrumadinho.com.br\/wp-content\/uploads\/2024\/02\/DSC00359-scaled.jpg","width":2560,"height":1707},{"@type":"BreadcrumbList","@id":"https:\/\/obspenalbrumadinho.com.br\/quem-deve-ser-julgado-pelos-crimes-da-vale-em-brumadinho\/#breadcrumb","itemListElement":[{"@type":"ListItem","position":1,"name":"Home","item":"https:\/\/obspenalbrumadinho.com.br\/en\/"},{"@type":"ListItem","position":2,"name":"Quem deve ser julgado pelos crimes da Vale em Brumadinho?"}]},{"@type":"WebSite","@id":"https:\/\/obspenalbrumadinho.com.br\/#website","url":"https:\/\/obspenalbrumadinho.com.br\/","name":"Observat\u00f3rio das A\u00e7\u00f5es Penais sobre a Trag\u00e9dia de Brumadinho","description":"Observat\u00f3rio das a\u00e7\u00f5es penais sobre a trag\u00e9dia de Brumadinho: acompanhe processos criminais no Brasil e na Alemanha, acervo online e not\u00edcias em defesa da justi\u00e7a.","publisher":{"@id":"https:\/\/obspenalbrumadinho.com.br\/#organization"},"potentialAction":[{"@type":"SearchAction","target":{"@type":"EntryPoint","urlTemplate":"https:\/\/obspenalbrumadinho.com.br\/?s={search_term_string}"},"query-input":{"@type":"PropertyValueSpecification","valueRequired":true,"valueName":"search_term_string"}}],"inLanguage":"en-US"},{"@type":"Organization","@id":"https:\/\/obspenalbrumadinho.com.br\/#organization","name":"Observat\u00f3rio das A\u00e7\u00f5es Penais sobre a Trag\u00e9dia de Brumadinho","url":"https:\/\/obspenalbrumadinho.com.br\/","logo":{"@type":"ImageObject","inLanguage":"en-US","@id":"https:\/\/obspenalbrumadinho.com.br\/#\/schema\/logo\/image\/","url":"https:\/\/obspenalbrumadinho.com.br\/wp-content\/uploads\/2026\/02\/OBS-Logo-2025_Horizontal-1-scaled.png","contentUrl":"https:\/\/obspenalbrumadinho.com.br\/wp-content\/uploads\/2026\/02\/OBS-Logo-2025_Horizontal-1-scaled.png","width":2560,"height":1098,"caption":"Observat\u00f3rio das A\u00e7\u00f5es Penais sobre a Trag\u00e9dia de Brumadinho"},"image":{"@id":"https:\/\/obspenalbrumadinho.com.br\/#\/schema\/logo\/image\/"}},{"@type":"Person","@id":"https:\/\/obspenalbrumadinho.com.br\/#\/schema\/person\/8fc6892a4b2f4f524001d994971db052","name":"observatorio","image":{"@type":"ImageObject","inLanguage":"en-US","@id":"https:\/\/obspenalbrumadinho.com.br\/#\/schema\/person\/image\/","url":"https:\/\/secure.gravatar.com\/avatar\/b9fdb3317cc687ef5bde6fc0ffa25da9553570a5e21c6eed2693852d6602fe04?s=96&d=mm&r=g","contentUrl":"https:\/\/secure.gravatar.com\/avatar\/b9fdb3317cc687ef5bde6fc0ffa25da9553570a5e21c6eed2693852d6602fe04?s=96&d=mm&r=g","caption":"observatorio"},"sameAs":["https:\/\/localhost"],"url":"https:\/\/obspenalbrumadinho.com.br\/en\/author\/observatorio\/"}]}},"_links":{"self":[{"href":"https:\/\/obspenalbrumadinho.com.br\/en\/wp-json\/wp\/v2\/posts\/2751","targetHints":{"allow":["GET"]}}],"collection":[{"href":"https:\/\/obspenalbrumadinho.com.br\/en\/wp-json\/wp\/v2\/posts"}],"about":[{"href":"https:\/\/obspenalbrumadinho.com.br\/en\/wp-json\/wp\/v2\/types\/post"}],"author":[{"embeddable":true,"href":"https:\/\/obspenalbrumadinho.com.br\/en\/wp-json\/wp\/v2\/users\/1"}],"replies":[{"embeddable":true,"href":"https:\/\/obspenalbrumadinho.com.br\/en\/wp-json\/wp\/v2\/comments?post=2751"}],"version-history":[{"count":7,"href":"https:\/\/obspenalbrumadinho.com.br\/en\/wp-json\/wp\/v2\/posts\/2751\/revisions"}],"predecessor-version":[{"id":2769,"href":"https:\/\/obspenalbrumadinho.com.br\/en\/wp-json\/wp\/v2\/posts\/2751\/revisions\/2769"}],"wp:featuredmedia":[{"embeddable":true,"href":"https:\/\/obspenalbrumadinho.com.br\/en\/wp-json\/wp\/v2\/media\/2755"}],"wp:attachment":[{"href":"https:\/\/obspenalbrumadinho.com.br\/en\/wp-json\/wp\/v2\/media?parent=2751"}],"wp:term":[{"taxonomy":"category","embeddable":true,"href":"https:\/\/obspenalbrumadinho.com.br\/en\/wp-json\/wp\/v2\/categories?post=2751"},{"taxonomy":"post_tag","embeddable":true,"href":"https:\/\/obspenalbrumadinho.com.br\/en\/wp-json\/wp\/v2\/tags?post=2751"}],"curies":[{"name":"wp","href":"https:\/\/api.w.org\/{rel}","templated":true}]}}