 {"id":2981,"date":"2024-09-06T23:00:05","date_gmt":"2024-09-07T02:00:05","guid":{"rendered":"https:\/\/obspenalbrumadinho.com.br\/?p=2981"},"modified":"2024-09-06T23:04:10","modified_gmt":"2024-09-07T02:04:10","slug":"observatorio-de-causas-de-grande-repercussao-cnmp-recebe-representantes-da-associacao-dos-familiares-de-vitimas-de-brumadinho","status":"publish","type":"post","link":"https:\/\/obspenalbrumadinho.com.br\/en\/observatorio-de-causas-de-grande-repercussao-cnmp-recebe-representantes-da-associacao-dos-familiares-de-vitimas-de-brumadinho\/","title":{"rendered":"Observat\u00f3rio de Causas de Grande Repercuss\u00e3o: CNMP recebe representantes da Associa\u00e7\u00e3o dos Familiares de V\u00edtimas de Brumadinho"},"content":{"rendered":"<div>Publicado em 05\/09\/24 &#8211; 15:34 &#8211; por CNMP(cnmp.mp.br)<\/div>\n<div><\/div>\n<div class=\"page-header pagina-noticias\">\n<p>Nesta quinta-feira, 9 de setembro, o Conselho Nacional do Minist\u00e9rio P\u00fablico recebeu representantes da Associa\u00e7\u00e3o dos Familiares de V\u00edtimas e Atingidos da Trag\u00e9dia do Rompimento da Barragem Mina C\u00f3rrego Feij\u00e3o Brumadinho (Avabrum). O caso \u00e9 monitorado pelo Observat\u00f3rio Nacional de Causas de Grande Repercuss\u00e3o, formado por representantes do CNMP e do Conselho Nacional de Justi\u00e7a (CNJ).<\/p>\n<p>&nbsp;<\/p>\n<p>Os representantes da Associa\u00e7\u00e3o foram recebidos pelo secret\u00e1rio-geral do CNMP, Carlos Vin\u00edcius Ribeiro; pelo membro auxiliar da Presid\u00eancia, Bernardo Morais Cavalcanti; e pelo juiz assessor de Apoio Interinstitucional, Paulo Afonso de Amorim Filho.<\/p>\n<p>&nbsp;<\/p>\n<p>A Avabrum pediu esclarecimentos sobre a atua\u00e7\u00e3o do Minist\u00e9rio P\u00fablico Federal (MPF) em processos e inqu\u00e9ritos relacionados ao desastre; destacou as preocupa\u00e7\u00f5es dos familiares desde o rompimento da barragem e expressou preocupa\u00e7\u00e3o com o andamento dos processos.<\/p>\n<p>&nbsp;<\/p>\n<p>O secret\u00e1rio-geral do CNMP explicou a fun\u00e7\u00e3o do Observat\u00f3rio Nacional de Causas de Grande Repercuss\u00e3o no acompanhamento desses processos e ressaltou que o Observat\u00f3rio j\u00e1 monitora v\u00e1rias a\u00e7\u00f5es sobre Brumadinho, comprometendo-se a manter di\u00e1logo com a Associa\u00e7\u00e3o.<\/p>\n<p>&nbsp;<\/p>\n<p>O documento com as demandas da Avabrum ser\u00e1 discutido na pr\u00f3xima reuni\u00e3o do Observat\u00f3rio, marcada para 18 de setembro, na sede do CNMP.<\/p>\n<p>&nbsp;<\/p>\n<p><strong>Observat\u00f3rio<\/strong><\/p>\n<p>&nbsp;<\/p>\n<p>Institu\u00eddo pelo CNMP e CNJ em 2019, o Observat\u00f3rio tem como miss\u00e3o promover integra\u00e7\u00e3o institucional, sugerir melhorias para o sistema de Justi\u00e7a e enfrentar situa\u00e7\u00f5es de grande repercuss\u00e3o social, econ\u00f4mica e ambiental.<\/p>\n<p>&nbsp;<\/p>\n<p><em>Foto: Secom\/CNMP<\/em><\/p>\n<\/div>\n","protected":false},"excerpt":{"rendered":"<p>A Avabrum solicitou informa\u00e7\u00f5es sobre a atua\u00e7\u00e3o do MPF em a\u00e7\u00f5es penais e inqu\u00e9ritos policiais ligados \u00e0 trag\u00e9dia<\/p>\n","protected":false},"author":1,"featured_media":2983,"comment_status":"open","ping_status":"open","sticky":false,"template":"","format":"standard","meta":{"_acf_changed":false,"footnotes":""},"categories":[43],"tags":[36,34],"class_list":["post-2981","post","type-post","status-publish","format-standard","has-post-thumbnail","hentry","category-5-anos-brumadinho","tag-5-anos-de-brumadinho","tag-brumadinho"],"acf":[],"yoast_head":"<!-- This site is optimized with the Yoast SEO plugin v26.8 - https:\/\/yoast.com\/product\/yoast-seo-wordpress\/ -->\n<title>Observat\u00f3rio de Causas de Grande Repercuss\u00e3o: CNMP recebe representantes da Associa\u00e7\u00e3o dos Familiares de V\u00edtimas de Brumadinho - Observat\u00f3rio das A\u00e7\u00f5es Penais sobre a Trag\u00e9dia de Brumadinho<\/title>\n<meta name=\"description\" content=\"A Avabrum solicitou informa\u00e7\u00f5es sobre a atua\u00e7\u00e3o do MPF em a\u00e7\u00f5es penais e inqu\u00e9ritos policiais ligados \u00e0 trag\u00e9dia\" \/>\n<meta name=\"robots\" content=\"index, follow, max-snippet:-1, max-image-preview:large, max-video-preview:-1\" \/>\n<link rel=\"canonical\" href=\"https:\/\/obspenalbrumadinho.com.br\/observatorio-de-causas-de-grande-repercussao-cnmp-recebe-representantes-da-associacao-dos-familiares-de-vitimas-de-brumadinho\/\" \/>\n<meta property=\"og:locale\" content=\"en_US\" \/>\n<meta property=\"og:type\" content=\"article\" \/>\n<meta property=\"og:title\" content=\"Observat\u00f3rio de Causas de Grande Repercuss\u00e3o: CNMP recebe representantes da Associa\u00e7\u00e3o dos Familiares de V\u00edtimas de Brumadinho - Observat\u00f3rio das A\u00e7\u00f5es Penais sobre a Trag\u00e9dia de Brumadinho\" \/>\n<meta property=\"og:description\" content=\"A Avabrum solicitou informa\u00e7\u00f5es sobre a atua\u00e7\u00e3o do MPF em a\u00e7\u00f5es penais e inqu\u00e9ritos policiais ligados \u00e0 trag\u00e9dia\" \/>\n<meta property=\"og:url\" content=\"https:\/\/obspenalbrumadinho.com.br\/observatorio-de-causas-de-grande-repercussao-cnmp-recebe-representantes-da-associacao-dos-familiares-de-vitimas-de-brumadinho\/\" \/>\n<meta property=\"og:site_name\" content=\"Observat\u00f3rio das A\u00e7\u00f5es Penais sobre a Trag\u00e9dia de Brumadinho\" \/>\n<meta property=\"article:published_time\" content=\"2024-09-07T02:00:05+00:00\" \/>\n<meta property=\"article:modified_time\" content=\"2024-09-07T02:04:10+00:00\" \/>\n<meta property=\"og:image\" content=\"https:\/\/obspenalbrumadinho.com.br\/wp-content\/uploads\/2024\/09\/saiu-na-imprensa.jpeg\" \/>\n\t<meta property=\"og:image:width\" content=\"1600\" \/>\n\t<meta property=\"og:image:height\" content=\"898\" \/>\n\t<meta property=\"og:image:type\" content=\"image\/jpeg\" \/>\n<meta name=\"author\" content=\"observatorio\" \/>\n<meta name=\"twitter:card\" content=\"summary_large_image\" \/>\n<meta name=\"twitter:label1\" content=\"Written by\" \/>\n\t<meta name=\"twitter:data1\" content=\"observatorio\" \/>\n\t<meta name=\"twitter:label2\" content=\"Est. reading time\" \/>\n\t<meta name=\"twitter:data2\" content=\"2 minutes\" \/>\n<script type=\"application\/ld+json\" class=\"yoast-schema-graph\">{\"@context\":\"https:\/\/schema.org\",\"@graph\":[{\"@type\":\"Article\",\"@id\":\"https:\/\/obspenalbrumadinho.com.br\/observatorio-de-causas-de-grande-repercussao-cnmp-recebe-representantes-da-associacao-dos-familiares-de-vitimas-de-brumadinho\/#article\",\"isPartOf\":{\"@id\":\"https:\/\/obspenalbrumadinho.com.br\/observatorio-de-causas-de-grande-repercussao-cnmp-recebe-representantes-da-associacao-dos-familiares-de-vitimas-de-brumadinho\/\"},\"author\":{\"name\":\"observatorio\",\"@id\":\"https:\/\/obspenalbrumadinho.com.br\/#\/schema\/person\/8fc6892a4b2f4f524001d994971db052\"},\"headline\":\"Observat\u00f3rio de Causas de Grande Repercuss\u00e3o: CNMP recebe representantes da Associa\u00e7\u00e3o dos Familiares de V\u00edtimas de Brumadinho\",\"datePublished\":\"2024-09-07T02:00:05+00:00\",\"dateModified\":\"2024-09-07T02:04:10+00:00\",\"mainEntityOfPage\":{\"@id\":\"https:\/\/obspenalbrumadinho.com.br\/observatorio-de-causas-de-grande-repercussao-cnmp-recebe-representantes-da-associacao-dos-familiares-de-vitimas-de-brumadinho\/\"},\"wordCount\":296,\"commentCount\":0,\"publisher\":{\"@id\":\"https:\/\/obspenalbrumadinho.com.br\/#organization\"},\"image\":{\"@id\":\"https:\/\/obspenalbrumadinho.com.br\/observatorio-de-causas-de-grande-repercussao-cnmp-recebe-representantes-da-associacao-dos-familiares-de-vitimas-de-brumadinho\/#primaryimage\"},\"thumbnailUrl\":\"https:\/\/obspenalbrumadinho.com.br\/wp-content\/uploads\/2024\/09\/saiu-na-imprensa.jpeg\",\"keywords\":[\"5 anos de brumadinho\",\"Brumadinho\"],\"articleSection\":[\"5 anos Brumadinho\"],\"inLanguage\":\"en-US\",\"potentialAction\":[{\"@type\":\"CommentAction\",\"name\":\"Comment\",\"target\":[\"https:\/\/obspenalbrumadinho.com.br\/observatorio-de-causas-de-grande-repercussao-cnmp-recebe-representantes-da-associacao-dos-familiares-de-vitimas-de-brumadinho\/#respond\"]}]},{\"@type\":\"WebPage\",\"@id\":\"https:\/\/obspenalbrumadinho.com.br\/observatorio-de-causas-de-grande-repercussao-cnmp-recebe-representantes-da-associacao-dos-familiares-de-vitimas-de-brumadinho\/\",\"url\":\"https:\/\/obspenalbrumadinho.com.br\/observatorio-de-causas-de-grande-repercussao-cnmp-recebe-representantes-da-associacao-dos-familiares-de-vitimas-de-brumadinho\/\",\"name\":\"Observat\u00f3rio de Causas de Grande Repercuss\u00e3o: CNMP recebe representantes da Associa\u00e7\u00e3o dos Familiares de V\u00edtimas de Brumadinho - Observat\u00f3rio das A\u00e7\u00f5es Penais sobre a Trag\u00e9dia de Brumadinho\",\"isPartOf\":{\"@id\":\"https:\/\/obspenalbrumadinho.com.br\/#website\"},\"primaryImageOfPage\":{\"@id\":\"https:\/\/obspenalbrumadinho.com.br\/observatorio-de-causas-de-grande-repercussao-cnmp-recebe-representantes-da-associacao-dos-familiares-de-vitimas-de-brumadinho\/#primaryimage\"},\"image\":{\"@id\":\"https:\/\/obspenalbrumadinho.com.br\/observatorio-de-causas-de-grande-repercussao-cnmp-recebe-representantes-da-associacao-dos-familiares-de-vitimas-de-brumadinho\/#primaryimage\"},\"thumbnailUrl\":\"https:\/\/obspenalbrumadinho.com.br\/wp-content\/uploads\/2024\/09\/saiu-na-imprensa.jpeg\",\"datePublished\":\"2024-09-07T02:00:05+00:00\",\"dateModified\":\"2024-09-07T02:04:10+00:00\",\"description\":\"A Avabrum solicitou informa\u00e7\u00f5es sobre a atua\u00e7\u00e3o do MPF em a\u00e7\u00f5es penais e inqu\u00e9ritos policiais ligados \u00e0 trag\u00e9dia\",\"breadcrumb\":{\"@id\":\"https:\/\/obspenalbrumadinho.com.br\/observatorio-de-causas-de-grande-repercussao-cnmp-recebe-representantes-da-associacao-dos-familiares-de-vitimas-de-brumadinho\/#breadcrumb\"},\"inLanguage\":\"en-US\",\"potentialAction\":[{\"@type\":\"ReadAction\",\"target\":[\"https:\/\/obspenalbrumadinho.com.br\/observatorio-de-causas-de-grande-repercussao-cnmp-recebe-representantes-da-associacao-dos-familiares-de-vitimas-de-brumadinho\/\"]}]},{\"@type\":\"ImageObject\",\"inLanguage\":\"en-US\",\"@id\":\"https:\/\/obspenalbrumadinho.com.br\/observatorio-de-causas-de-grande-repercussao-cnmp-recebe-representantes-da-associacao-dos-familiares-de-vitimas-de-brumadinho\/#primaryimage\",\"url\":\"https:\/\/obspenalbrumadinho.com.br\/wp-content\/uploads\/2024\/09\/saiu-na-imprensa.jpeg\",\"contentUrl\":\"https:\/\/obspenalbrumadinho.com.br\/wp-content\/uploads\/2024\/09\/saiu-na-imprensa.jpeg\",\"width\":1600,\"height\":898,\"caption\":\"Foto: Leandro Rangel (Secom\/CNMP)\"},{\"@type\":\"BreadcrumbList\",\"@id\":\"https:\/\/obspenalbrumadinho.com.br\/observatorio-de-causas-de-grande-repercussao-cnmp-recebe-representantes-da-associacao-dos-familiares-de-vitimas-de-brumadinho\/#breadcrumb\",\"itemListElement\":[{\"@type\":\"ListItem\",\"position\":1,\"name\":\"Home\",\"item\":\"https:\/\/obspenalbrumadinho.com.br\/en\/\"},{\"@type\":\"ListItem\",\"position\":2,\"name\":\"Observat\u00f3rio de Causas de Grande Repercuss\u00e3o: CNMP recebe representantes da Associa\u00e7\u00e3o dos Familiares de V\u00edtimas de Brumadinho\"}]},{\"@type\":\"WebSite\",\"@id\":\"https:\/\/obspenalbrumadinho.com.br\/#website\",\"url\":\"https:\/\/obspenalbrumadinho.com.br\/\",\"name\":\"Observat\u00f3rio das A\u00e7\u00f5es Penais sobre a Trag\u00e9dia de Brumadinho\",\"description\":\"Observat\u00f3rio das a\u00e7\u00f5es penais sobre a trag\u00e9dia de Brumadinho: acompanhe processos criminais no Brasil e na Alemanha, acervo online e not\u00edcias em defesa da justi\u00e7a.\",\"publisher\":{\"@id\":\"https:\/\/obspenalbrumadinho.com.br\/#organization\"},\"potentialAction\":[{\"@type\":\"SearchAction\",\"target\":{\"@type\":\"EntryPoint\",\"urlTemplate\":\"https:\/\/obspenalbrumadinho.com.br\/?s={search_term_string}\"},\"query-input\":{\"@type\":\"PropertyValueSpecification\",\"valueRequired\":true,\"valueName\":\"search_term_string\"}}],\"inLanguage\":\"en-US\"},{\"@type\":\"Organization\",\"@id\":\"https:\/\/obspenalbrumadinho.com.br\/#organization\",\"name\":\"Observat\u00f3rio das A\u00e7\u00f5es Penais sobre a Trag\u00e9dia de Brumadinho\",\"url\":\"https:\/\/obspenalbrumadinho.com.br\/\",\"logo\":{\"@type\":\"ImageObject\",\"inLanguage\":\"en-US\",\"@id\":\"https:\/\/obspenalbrumadinho.com.br\/#\/schema\/logo\/image\/\",\"url\":\"https:\/\/obspenalbrumadinho.com.br\/wp-content\/uploads\/2026\/02\/OBS-Logo-2025_Horizontal-1-scaled.png\",\"contentUrl\":\"https:\/\/obspenalbrumadinho.com.br\/wp-content\/uploads\/2026\/02\/OBS-Logo-2025_Horizontal-1-scaled.png\",\"width\":2560,\"height\":1098,\"caption\":\"Observat\u00f3rio das A\u00e7\u00f5es Penais sobre a Trag\u00e9dia de Brumadinho\"},\"image\":{\"@id\":\"https:\/\/obspenalbrumadinho.com.br\/#\/schema\/logo\/image\/\"}},{\"@type\":\"Person\",\"@id\":\"https:\/\/obspenalbrumadinho.com.br\/#\/schema\/person\/8fc6892a4b2f4f524001d994971db052\",\"name\":\"observatorio\",\"image\":{\"@type\":\"ImageObject\",\"inLanguage\":\"en-US\",\"@id\":\"https:\/\/obspenalbrumadinho.com.br\/#\/schema\/person\/image\/\",\"url\":\"https:\/\/secure.gravatar.com\/avatar\/b9fdb3317cc687ef5bde6fc0ffa25da9553570a5e21c6eed2693852d6602fe04?s=96&d=mm&r=g\",\"contentUrl\":\"https:\/\/secure.gravatar.com\/avatar\/b9fdb3317cc687ef5bde6fc0ffa25da9553570a5e21c6eed2693852d6602fe04?s=96&d=mm&r=g\",\"caption\":\"observatorio\"},\"sameAs\":[\"https:\/\/localhost\"],\"url\":\"https:\/\/obspenalbrumadinho.com.br\/en\/author\/observatorio\/\"}]}<\/script>\n<!-- \/ Yoast SEO plugin. -->","yoast_head_json":{"title":"Observat\u00f3rio de Causas de Grande Repercuss\u00e3o: CNMP recebe representantes da Associa\u00e7\u00e3o dos Familiares de V\u00edtimas de Brumadinho - Observat\u00f3rio das A\u00e7\u00f5es Penais sobre a Trag\u00e9dia de Brumadinho","description":"A Avabrum solicitou informa\u00e7\u00f5es sobre a atua\u00e7\u00e3o do MPF em a\u00e7\u00f5es penais e inqu\u00e9ritos policiais ligados \u00e0 trag\u00e9dia","robots":{"index":"index","follow":"follow","max-snippet":"max-snippet:-1","max-image-preview":"max-image-preview:large","max-video-preview":"max-video-preview:-1"},"canonical":"https:\/\/obspenalbrumadinho.com.br\/observatorio-de-causas-de-grande-repercussao-cnmp-recebe-representantes-da-associacao-dos-familiares-de-vitimas-de-brumadinho\/","og_locale":"en_US","og_type":"article","og_title":"Observat\u00f3rio de Causas de Grande Repercuss\u00e3o: CNMP recebe representantes da Associa\u00e7\u00e3o dos Familiares de V\u00edtimas de Brumadinho - Observat\u00f3rio das A\u00e7\u00f5es Penais sobre a Trag\u00e9dia de Brumadinho","og_description":"A Avabrum solicitou informa\u00e7\u00f5es sobre a atua\u00e7\u00e3o do MPF em a\u00e7\u00f5es penais e inqu\u00e9ritos policiais ligados \u00e0 trag\u00e9dia","og_url":"https:\/\/obspenalbrumadinho.com.br\/observatorio-de-causas-de-grande-repercussao-cnmp-recebe-representantes-da-associacao-dos-familiares-de-vitimas-de-brumadinho\/","og_site_name":"Observat\u00f3rio das A\u00e7\u00f5es Penais sobre a Trag\u00e9dia de Brumadinho","article_published_time":"2024-09-07T02:00:05+00:00","article_modified_time":"2024-09-07T02:04:10+00:00","og_image":[{"width":1600,"height":898,"url":"https:\/\/obspenalbrumadinho.com.br\/wp-content\/uploads\/2024\/09\/saiu-na-imprensa.jpeg","type":"image\/jpeg"}],"author":"observatorio","twitter_card":"summary_large_image","twitter_misc":{"Written by":"observatorio","Est. reading time":"2 minutes"},"schema":{"@context":"https:\/\/schema.org","@graph":[{"@type":"Article","@id":"https:\/\/obspenalbrumadinho.com.br\/observatorio-de-causas-de-grande-repercussao-cnmp-recebe-representantes-da-associacao-dos-familiares-de-vitimas-de-brumadinho\/#article","isPartOf":{"@id":"https:\/\/obspenalbrumadinho.com.br\/observatorio-de-causas-de-grande-repercussao-cnmp-recebe-representantes-da-associacao-dos-familiares-de-vitimas-de-brumadinho\/"},"author":{"name":"observatorio","@id":"https:\/\/obspenalbrumadinho.com.br\/#\/schema\/person\/8fc6892a4b2f4f524001d994971db052"},"headline":"Observat\u00f3rio de Causas de Grande Repercuss\u00e3o: CNMP recebe representantes da Associa\u00e7\u00e3o dos Familiares de V\u00edtimas de Brumadinho","datePublished":"2024-09-07T02:00:05+00:00","dateModified":"2024-09-07T02:04:10+00:00","mainEntityOfPage":{"@id":"https:\/\/obspenalbrumadinho.com.br\/observatorio-de-causas-de-grande-repercussao-cnmp-recebe-representantes-da-associacao-dos-familiares-de-vitimas-de-brumadinho\/"},"wordCount":296,"commentCount":0,"publisher":{"@id":"https:\/\/obspenalbrumadinho.com.br\/#organization"},"image":{"@id":"https:\/\/obspenalbrumadinho.com.br\/observatorio-de-causas-de-grande-repercussao-cnmp-recebe-representantes-da-associacao-dos-familiares-de-vitimas-de-brumadinho\/#primaryimage"},"thumbnailUrl":"https:\/\/obspenalbrumadinho.com.br\/wp-content\/uploads\/2024\/09\/saiu-na-imprensa.jpeg","keywords":["5 anos de brumadinho","Brumadinho"],"articleSection":["5 anos Brumadinho"],"inLanguage":"en-US","potentialAction":[{"@type":"CommentAction","name":"Comment","target":["https:\/\/obspenalbrumadinho.com.br\/observatorio-de-causas-de-grande-repercussao-cnmp-recebe-representantes-da-associacao-dos-familiares-de-vitimas-de-brumadinho\/#respond"]}]},{"@type":"WebPage","@id":"https:\/\/obspenalbrumadinho.com.br\/observatorio-de-causas-de-grande-repercussao-cnmp-recebe-representantes-da-associacao-dos-familiares-de-vitimas-de-brumadinho\/","url":"https:\/\/obspenalbrumadinho.com.br\/observatorio-de-causas-de-grande-repercussao-cnmp-recebe-representantes-da-associacao-dos-familiares-de-vitimas-de-brumadinho\/","name":"Observat\u00f3rio de Causas de Grande Repercuss\u00e3o: CNMP recebe representantes da Associa\u00e7\u00e3o dos Familiares de V\u00edtimas de Brumadinho - Observat\u00f3rio das A\u00e7\u00f5es Penais sobre a Trag\u00e9dia de Brumadinho","isPartOf":{"@id":"https:\/\/obspenalbrumadinho.com.br\/#website"},"primaryImageOfPage":{"@id":"https:\/\/obspenalbrumadinho.com.br\/observatorio-de-causas-de-grande-repercussao-cnmp-recebe-representantes-da-associacao-dos-familiares-de-vitimas-de-brumadinho\/#primaryimage"},"image":{"@id":"https:\/\/obspenalbrumadinho.com.br\/observatorio-de-causas-de-grande-repercussao-cnmp-recebe-representantes-da-associacao-dos-familiares-de-vitimas-de-brumadinho\/#primaryimage"},"thumbnailUrl":"https:\/\/obspenalbrumadinho.com.br\/wp-content\/uploads\/2024\/09\/saiu-na-imprensa.jpeg","datePublished":"2024-09-07T02:00:05+00:00","dateModified":"2024-09-07T02:04:10+00:00","description":"A Avabrum solicitou informa\u00e7\u00f5es sobre a atua\u00e7\u00e3o do MPF em a\u00e7\u00f5es penais e inqu\u00e9ritos policiais ligados \u00e0 trag\u00e9dia","breadcrumb":{"@id":"https:\/\/obspenalbrumadinho.com.br\/observatorio-de-causas-de-grande-repercussao-cnmp-recebe-representantes-da-associacao-dos-familiares-de-vitimas-de-brumadinho\/#breadcrumb"},"inLanguage":"en-US","potentialAction":[{"@type":"ReadAction","target":["https:\/\/obspenalbrumadinho.com.br\/observatorio-de-causas-de-grande-repercussao-cnmp-recebe-representantes-da-associacao-dos-familiares-de-vitimas-de-brumadinho\/"]}]},{"@type":"ImageObject","inLanguage":"en-US","@id":"https:\/\/obspenalbrumadinho.com.br\/observatorio-de-causas-de-grande-repercussao-cnmp-recebe-representantes-da-associacao-dos-familiares-de-vitimas-de-brumadinho\/#primaryimage","url":"https:\/\/obspenalbrumadinho.com.br\/wp-content\/uploads\/2024\/09\/saiu-na-imprensa.jpeg","contentUrl":"https:\/\/obspenalbrumadinho.com.br\/wp-content\/uploads\/2024\/09\/saiu-na-imprensa.jpeg","width":1600,"height":898,"caption":"Foto: Leandro Rangel (Secom\/CNMP)"},{"@type":"BreadcrumbList","@id":"https:\/\/obspenalbrumadinho.com.br\/observatorio-de-causas-de-grande-repercussao-cnmp-recebe-representantes-da-associacao-dos-familiares-de-vitimas-de-brumadinho\/#breadcrumb","itemListElement":[{"@type":"ListItem","position":1,"name":"Home","item":"https:\/\/obspenalbrumadinho.com.br\/en\/"},{"@type":"ListItem","position":2,"name":"Observat\u00f3rio de Causas de Grande Repercuss\u00e3o: CNMP recebe representantes da Associa\u00e7\u00e3o dos Familiares de V\u00edtimas de Brumadinho"}]},{"@type":"WebSite","@id":"https:\/\/obspenalbrumadinho.com.br\/#website","url":"https:\/\/obspenalbrumadinho.com.br\/","name":"Observat\u00f3rio das A\u00e7\u00f5es Penais sobre a Trag\u00e9dia de Brumadinho","description":"Observat\u00f3rio das a\u00e7\u00f5es penais sobre a trag\u00e9dia de Brumadinho: acompanhe processos criminais no Brasil e na Alemanha, acervo online e not\u00edcias em defesa da justi\u00e7a.","publisher":{"@id":"https:\/\/obspenalbrumadinho.com.br\/#organization"},"potentialAction":[{"@type":"SearchAction","target":{"@type":"EntryPoint","urlTemplate":"https:\/\/obspenalbrumadinho.com.br\/?s={search_term_string}"},"query-input":{"@type":"PropertyValueSpecification","valueRequired":true,"valueName":"search_term_string"}}],"inLanguage":"en-US"},{"@type":"Organization","@id":"https:\/\/obspenalbrumadinho.com.br\/#organization","name":"Observat\u00f3rio das A\u00e7\u00f5es Penais sobre a Trag\u00e9dia de Brumadinho","url":"https:\/\/obspenalbrumadinho.com.br\/","logo":{"@type":"ImageObject","inLanguage":"en-US","@id":"https:\/\/obspenalbrumadinho.com.br\/#\/schema\/logo\/image\/","url":"https:\/\/obspenalbrumadinho.com.br\/wp-content\/uploads\/2026\/02\/OBS-Logo-2025_Horizontal-1-scaled.png","contentUrl":"https:\/\/obspenalbrumadinho.com.br\/wp-content\/uploads\/2026\/02\/OBS-Logo-2025_Horizontal-1-scaled.png","width":2560,"height":1098,"caption":"Observat\u00f3rio das A\u00e7\u00f5es Penais sobre a Trag\u00e9dia de Brumadinho"},"image":{"@id":"https:\/\/obspenalbrumadinho.com.br\/#\/schema\/logo\/image\/"}},{"@type":"Person","@id":"https:\/\/obspenalbrumadinho.com.br\/#\/schema\/person\/8fc6892a4b2f4f524001d994971db052","name":"observatorio","image":{"@type":"ImageObject","inLanguage":"en-US","@id":"https:\/\/obspenalbrumadinho.com.br\/#\/schema\/person\/image\/","url":"https:\/\/secure.gravatar.com\/avatar\/b9fdb3317cc687ef5bde6fc0ffa25da9553570a5e21c6eed2693852d6602fe04?s=96&d=mm&r=g","contentUrl":"https:\/\/secure.gravatar.com\/avatar\/b9fdb3317cc687ef5bde6fc0ffa25da9553570a5e21c6eed2693852d6602fe04?s=96&d=mm&r=g","caption":"observatorio"},"sameAs":["https:\/\/localhost"],"url":"https:\/\/obspenalbrumadinho.com.br\/en\/author\/observatorio\/"}]}},"_links":{"self":[{"href":"https:\/\/obspenalbrumadinho.com.br\/en\/wp-json\/wp\/v2\/posts\/2981","targetHints":{"allow":["GET"]}}],"collection":[{"href":"https:\/\/obspenalbrumadinho.com.br\/en\/wp-json\/wp\/v2\/posts"}],"about":[{"href":"https:\/\/obspenalbrumadinho.com.br\/en\/wp-json\/wp\/v2\/types\/post"}],"author":[{"embeddable":true,"href":"https:\/\/obspenalbrumadinho.com.br\/en\/wp-json\/wp\/v2\/users\/1"}],"replies":[{"embeddable":true,"href":"https:\/\/obspenalbrumadinho.com.br\/en\/wp-json\/wp\/v2\/comments?post=2981"}],"version-history":[{"count":3,"href":"https:\/\/obspenalbrumadinho.com.br\/en\/wp-json\/wp\/v2\/posts\/2981\/revisions"}],"predecessor-version":[{"id":2988,"href":"https:\/\/obspenalbrumadinho.com.br\/en\/wp-json\/wp\/v2\/posts\/2981\/revisions\/2988"}],"wp:featuredmedia":[{"embeddable":true,"href":"https:\/\/obspenalbrumadinho.com.br\/en\/wp-json\/wp\/v2\/media\/2983"}],"wp:attachment":[{"href":"https:\/\/obspenalbrumadinho.com.br\/en\/wp-json\/wp\/v2\/media?parent=2981"}],"wp:term":[{"taxonomy":"category","embeddable":true,"href":"https:\/\/obspenalbrumadinho.com.br\/en\/wp-json\/wp\/v2\/categories?post=2981"},{"taxonomy":"post_tag","embeddable":true,"href":"https:\/\/obspenalbrumadinho.com.br\/en\/wp-json\/wp\/v2\/tags?post=2981"}],"curies":[{"name":"wp","href":"https:\/\/api.w.org\/{rel}","templated":true}]}}