 {"id":3380,"date":"2025-04-14T21:37:57","date_gmt":"2025-04-15T00:37:57","guid":{"rendered":"https:\/\/obspenalbrumadinho.com.br\/?p=3380"},"modified":"2025-04-14T21:37:57","modified_gmt":"2025-04-15T00:37:57","slug":"caso-brumadinho-justica-autoriza-recurso-e-caso-do-ex-presidente-da-vale-vai-ao-stj","status":"publish","type":"post","link":"https:\/\/obspenalbrumadinho.com.br\/en\/caso-brumadinho-justica-autoriza-recurso-e-caso-do-ex-presidente-da-vale-vai-ao-stj\/","title":{"rendered":"Caso Brumadinho: Justi\u00e7a autoriza recurso e caso do ex-presidente da Vale vai ao STJ"},"content":{"rendered":"<p>O Tribunal Regional Federal da 6\u00aa Regi\u00e3o (TRF-6) autorizou o envio de um recurso ao Superior Tribunal de Justi\u00e7a (STJ) que pode reabrir a a\u00e7\u00e3o penal contra o ex-presidente da Vale, Fabio Schvartsman. Ele \u00e9 um dos acusados pela trag\u00e9dia do rompimento da barragem da empresa em Brumadinho, que matou 272 pessoas em janeiro de 2019.<\/p>\n<p>A decis\u00e3o, tomada na \u00faltima sexta-feira (11) pelo presidente do TRF-6, desembargador Vallisney Oliveira, atende a um pedido do Minist\u00e9rio P\u00fablico Federal (MPF), com apoio da AVABRUM \u2014 a Associa\u00e7\u00e3o dos Familiares das V\u00edtimas e Atingidos pelo Rompimento da Barragem.<\/p>\n<p>Em mar\u00e7o de 2024, o pr\u00f3prio TRF-6 havia suspendido a a\u00e7\u00e3o penal contra Schvartsman, acatando o argumento de seus advogados de que n\u00e3o havia ind\u00edcios m\u00ednimos para mant\u00ea-lo como r\u00e9u. Agora, com a nova decis\u00e3o, o caso poder\u00e1 ser analisado por uma inst\u00e2ncia superior, o STJ, em Bras\u00edlia.<\/p>\n<p>Segundo o MPF, o tribunal cometeu um erro ao tomar uma decis\u00e3o que dependeu de uma an\u00e1lise t\u00e3o profunda em um habeas corpus \u2014 medida geralmente usada apenas para garantir liberdade em situa\u00e7\u00f5es urgentes e n\u00e3o para avaliar provas em detalhes. O Minist\u00e9rio P\u00fablico defende que a an\u00e1lise das provas deve ocorrer durante o andamento normal do processo e que ela cabe em primeiro lugar ao juiz da causa, n\u00e3o aos desembargadores.<\/p>\n<p>O desembargador Vallisney Oliveira concordou com a tese de que o habeas corpus n\u00e3o \u00e9 adequado para discutir a exist\u00eancia ou n\u00e3o de provas e reconheceu que o MPF tem o direito de recorrer. Agora, o assunto ser\u00e1 enfrentado pelo STJ, que poder\u00e1 determinar que o ex-executivo volte a responder pelos homic\u00eddios e crimes ambientais causados pelo rompimento da barragem.<\/p>\n","protected":false},"excerpt":{"rendered":"<p>O Tribunal Regional Federal da 6\u00aa Regi\u00e3o (TRF-6) autorizou o envio de um recurso ao Superior Tribunal de Justi\u00e7a (STJ) que pode reabrir a a\u00e7\u00e3o penal contra o ex-presidente da Vale, Fabio Schvartsman. Ele \u00e9 um dos acusados pela trag\u00e9dia [&hellip;]<\/p>\n","protected":false},"author":5,"featured_media":3381,"comment_status":"open","ping_status":"open","sticky":false,"template":"","format":"standard","meta":{"_acf_changed":false,"footnotes":""},"categories":[1],"tags":[92,91],"class_list":["post-3380","post","type-post","status-publish","format-standard","has-post-thumbnail","hentry","category-acao-penal","tag-acao-penal","tag-justica-por-brumadinho"],"acf":[],"yoast_head":"<!-- This site is optimized with the Yoast SEO plugin v26.8 - https:\/\/yoast.com\/product\/yoast-seo-wordpress\/ -->\n<title>Caso Brumadinho: Justi\u00e7a autoriza recurso e caso do ex-presidente da Vale vai ao STJ - Observat\u00f3rio das A\u00e7\u00f5es Penais sobre a Trag\u00e9dia de Brumadinho<\/title>\n<meta name=\"description\" content=\"O Tribunal Regional Federal da 6\u00aa Regi\u00e3o (TRF-6) aceitou um recurso do Minist\u00e9rio P\u00fablico Federal, com apoio da AVABRUM, para reverter a decis\u00e3o que havia trancado a a\u00e7\u00e3o penal contra o ex-presidente da Vale, Fabio Schvartsman.\" \/>\n<meta name=\"robots\" content=\"index, follow, max-snippet:-1, max-image-preview:large, max-video-preview:-1\" \/>\n<link rel=\"canonical\" href=\"https:\/\/obspenalbrumadinho.com.br\/caso-brumadinho-justica-autoriza-recurso-e-caso-do-ex-presidente-da-vale-vai-ao-stj\/\" \/>\n<meta property=\"og:locale\" content=\"en_US\" \/>\n<meta property=\"og:type\" content=\"article\" \/>\n<meta property=\"og:title\" content=\"Caso Brumadinho: Justi\u00e7a autoriza recurso e caso do ex-presidente da Vale vai ao STJ - Observat\u00f3rio das A\u00e7\u00f5es Penais sobre a Trag\u00e9dia de Brumadinho\" \/>\n<meta property=\"og:description\" content=\"O Tribunal Regional Federal da 6\u00aa Regi\u00e3o (TRF-6) aceitou um recurso do Minist\u00e9rio P\u00fablico Federal, com apoio da AVABRUM, para reverter a decis\u00e3o que havia trancado a a\u00e7\u00e3o penal contra o ex-presidente da Vale, Fabio Schvartsman.\" \/>\n<meta property=\"og:url\" content=\"https:\/\/obspenalbrumadinho.com.br\/caso-brumadinho-justica-autoriza-recurso-e-caso-do-ex-presidente-da-vale-vai-ao-stj\/\" \/>\n<meta property=\"og:site_name\" content=\"Observat\u00f3rio das A\u00e7\u00f5es Penais sobre a Trag\u00e9dia de Brumadinho\" \/>\n<meta property=\"article:published_time\" content=\"2025-04-15T00:37:57+00:00\" \/>\n<meta property=\"og:image\" content=\"https:\/\/obspenalbrumadinho.com.br\/wp-content\/uploads\/2025\/04\/schvartsman.jpg\" \/>\n\t<meta property=\"og:image:width\" content=\"1200\" \/>\n\t<meta property=\"og:image:height\" content=\"720\" \/>\n\t<meta property=\"og:image:type\" content=\"image\/jpeg\" \/>\n<meta name=\"author\" content=\"B\u00e1rbara Lu\u00edza\" \/>\n<meta name=\"twitter:card\" content=\"summary_large_image\" \/>\n<meta name=\"twitter:label1\" content=\"Written by\" \/>\n\t<meta name=\"twitter:data1\" content=\"B\u00e1rbara Lu\u00edza\" \/>\n\t<meta name=\"twitter:label2\" content=\"Est. reading time\" \/>\n\t<meta name=\"twitter:data2\" content=\"2 minutes\" \/>\n<script type=\"application\/ld+json\" class=\"yoast-schema-graph\">{\"@context\":\"https:\/\/schema.org\",\"@graph\":[{\"@type\":\"Article\",\"@id\":\"https:\/\/obspenalbrumadinho.com.br\/caso-brumadinho-justica-autoriza-recurso-e-caso-do-ex-presidente-da-vale-vai-ao-stj\/#article\",\"isPartOf\":{\"@id\":\"https:\/\/obspenalbrumadinho.com.br\/caso-brumadinho-justica-autoriza-recurso-e-caso-do-ex-presidente-da-vale-vai-ao-stj\/\"},\"author\":{\"name\":\"B\u00e1rbara Lu\u00edza\",\"@id\":\"https:\/\/obspenalbrumadinho.com.br\/#\/schema\/person\/6855aa9b88f9c59557d49afae67edd5b\"},\"headline\":\"Caso Brumadinho: Justi\u00e7a autoriza recurso e caso do ex-presidente da Vale vai ao STJ\",\"datePublished\":\"2025-04-15T00:37:57+00:00\",\"mainEntityOfPage\":{\"@id\":\"https:\/\/obspenalbrumadinho.com.br\/caso-brumadinho-justica-autoriza-recurso-e-caso-do-ex-presidente-da-vale-vai-ao-stj\/\"},\"wordCount\":315,\"commentCount\":0,\"publisher\":{\"@id\":\"https:\/\/obspenalbrumadinho.com.br\/#organization\"},\"image\":{\"@id\":\"https:\/\/obspenalbrumadinho.com.br\/caso-brumadinho-justica-autoriza-recurso-e-caso-do-ex-presidente-da-vale-vai-ao-stj\/#primaryimage\"},\"thumbnailUrl\":\"https:\/\/obspenalbrumadinho.com.br\/wp-content\/uploads\/2025\/04\/schvartsman.jpg\",\"keywords\":[\"A\u00e7\u00e3o Penal\",\"justi\u00e7a por brumadinho\"],\"articleSection\":[\"A\u00e7\u00e3o penal\"],\"inLanguage\":\"en-US\",\"potentialAction\":[{\"@type\":\"CommentAction\",\"name\":\"Comment\",\"target\":[\"https:\/\/obspenalbrumadinho.com.br\/caso-brumadinho-justica-autoriza-recurso-e-caso-do-ex-presidente-da-vale-vai-ao-stj\/#respond\"]}]},{\"@type\":\"WebPage\",\"@id\":\"https:\/\/obspenalbrumadinho.com.br\/caso-brumadinho-justica-autoriza-recurso-e-caso-do-ex-presidente-da-vale-vai-ao-stj\/\",\"url\":\"https:\/\/obspenalbrumadinho.com.br\/caso-brumadinho-justica-autoriza-recurso-e-caso-do-ex-presidente-da-vale-vai-ao-stj\/\",\"name\":\"Caso Brumadinho: Justi\u00e7a autoriza recurso e caso do ex-presidente da Vale vai ao STJ - Observat\u00f3rio das A\u00e7\u00f5es Penais sobre a Trag\u00e9dia de Brumadinho\",\"isPartOf\":{\"@id\":\"https:\/\/obspenalbrumadinho.com.br\/#website\"},\"primaryImageOfPage\":{\"@id\":\"https:\/\/obspenalbrumadinho.com.br\/caso-brumadinho-justica-autoriza-recurso-e-caso-do-ex-presidente-da-vale-vai-ao-stj\/#primaryimage\"},\"image\":{\"@id\":\"https:\/\/obspenalbrumadinho.com.br\/caso-brumadinho-justica-autoriza-recurso-e-caso-do-ex-presidente-da-vale-vai-ao-stj\/#primaryimage\"},\"thumbnailUrl\":\"https:\/\/obspenalbrumadinho.com.br\/wp-content\/uploads\/2025\/04\/schvartsman.jpg\",\"datePublished\":\"2025-04-15T00:37:57+00:00\",\"description\":\"O Tribunal Regional Federal da 6\u00aa Regi\u00e3o (TRF-6) aceitou um recurso do Minist\u00e9rio P\u00fablico Federal, com apoio da AVABRUM, para reverter a decis\u00e3o que havia trancado a a\u00e7\u00e3o penal contra o ex-presidente da Vale, Fabio Schvartsman.\",\"breadcrumb\":{\"@id\":\"https:\/\/obspenalbrumadinho.com.br\/caso-brumadinho-justica-autoriza-recurso-e-caso-do-ex-presidente-da-vale-vai-ao-stj\/#breadcrumb\"},\"inLanguage\":\"en-US\",\"potentialAction\":[{\"@type\":\"ReadAction\",\"target\":[\"https:\/\/obspenalbrumadinho.com.br\/caso-brumadinho-justica-autoriza-recurso-e-caso-do-ex-presidente-da-vale-vai-ao-stj\/\"]}]},{\"@type\":\"ImageObject\",\"inLanguage\":\"en-US\",\"@id\":\"https:\/\/obspenalbrumadinho.com.br\/caso-brumadinho-justica-autoriza-recurso-e-caso-do-ex-presidente-da-vale-vai-ao-stj\/#primaryimage\",\"url\":\"https:\/\/obspenalbrumadinho.com.br\/wp-content\/uploads\/2025\/04\/schvartsman.jpg\",\"contentUrl\":\"https:\/\/obspenalbrumadinho.com.br\/wp-content\/uploads\/2025\/04\/schvartsman.jpg\",\"width\":1200,\"height\":720,\"caption\":\"O ex-presidente da Vale, F\u00e1bio Schvartsman. Foto: Marcelo Camargo\/Ag\u00eancia Brasil\"},{\"@type\":\"BreadcrumbList\",\"@id\":\"https:\/\/obspenalbrumadinho.com.br\/caso-brumadinho-justica-autoriza-recurso-e-caso-do-ex-presidente-da-vale-vai-ao-stj\/#breadcrumb\",\"itemListElement\":[{\"@type\":\"ListItem\",\"position\":1,\"name\":\"Home\",\"item\":\"https:\/\/obspenalbrumadinho.com.br\/en\/\"},{\"@type\":\"ListItem\",\"position\":2,\"name\":\"Caso Brumadinho: Justi\u00e7a autoriza recurso e caso do ex-presidente da Vale vai ao STJ\"}]},{\"@type\":\"WebSite\",\"@id\":\"https:\/\/obspenalbrumadinho.com.br\/#website\",\"url\":\"https:\/\/obspenalbrumadinho.com.br\/\",\"name\":\"Observat\u00f3rio das A\u00e7\u00f5es Penais sobre a Trag\u00e9dia de Brumadinho\",\"description\":\"Observat\u00f3rio das a\u00e7\u00f5es penais sobre a trag\u00e9dia de Brumadinho: acompanhe processos criminais no Brasil e na Alemanha, acervo online e not\u00edcias em defesa da justi\u00e7a.\",\"publisher\":{\"@id\":\"https:\/\/obspenalbrumadinho.com.br\/#organization\"},\"potentialAction\":[{\"@type\":\"SearchAction\",\"target\":{\"@type\":\"EntryPoint\",\"urlTemplate\":\"https:\/\/obspenalbrumadinho.com.br\/?s={search_term_string}\"},\"query-input\":{\"@type\":\"PropertyValueSpecification\",\"valueRequired\":true,\"valueName\":\"search_term_string\"}}],\"inLanguage\":\"en-US\"},{\"@type\":\"Organization\",\"@id\":\"https:\/\/obspenalbrumadinho.com.br\/#organization\",\"name\":\"Observat\u00f3rio das A\u00e7\u00f5es Penais sobre a Trag\u00e9dia de Brumadinho\",\"url\":\"https:\/\/obspenalbrumadinho.com.br\/\",\"logo\":{\"@type\":\"ImageObject\",\"inLanguage\":\"en-US\",\"@id\":\"https:\/\/obspenalbrumadinho.com.br\/#\/schema\/logo\/image\/\",\"url\":\"https:\/\/obspenalbrumadinho.com.br\/wp-content\/uploads\/2026\/02\/OBS-Logo-2025_Horizontal-1-scaled.png\",\"contentUrl\":\"https:\/\/obspenalbrumadinho.com.br\/wp-content\/uploads\/2026\/02\/OBS-Logo-2025_Horizontal-1-scaled.png\",\"width\":2560,\"height\":1098,\"caption\":\"Observat\u00f3rio das A\u00e7\u00f5es Penais sobre a Trag\u00e9dia de Brumadinho\"},\"image\":{\"@id\":\"https:\/\/obspenalbrumadinho.com.br\/#\/schema\/logo\/image\/\"}},{\"@type\":\"Person\",\"@id\":\"https:\/\/obspenalbrumadinho.com.br\/#\/schema\/person\/6855aa9b88f9c59557d49afae67edd5b\",\"name\":\"B\u00e1rbara Lu\u00edza\",\"image\":{\"@type\":\"ImageObject\",\"inLanguage\":\"en-US\",\"@id\":\"https:\/\/obspenalbrumadinho.com.br\/#\/schema\/person\/image\/\",\"url\":\"https:\/\/secure.gravatar.com\/avatar\/193c6c1ae50972eb0d7d95c5cb50f6359dd3af889bc017b18fd8758251c5a77f?s=96&d=mm&r=g\",\"contentUrl\":\"https:\/\/secure.gravatar.com\/avatar\/193c6c1ae50972eb0d7d95c5cb50f6359dd3af889bc017b18fd8758251c5a77f?s=96&d=mm&r=g\",\"caption\":\"B\u00e1rbara Lu\u00edza\"},\"sameAs\":[\"http:\/\/obspenalbrumadinho.com.br\"],\"url\":\"https:\/\/obspenalbrumadinho.com.br\/en\/author\/barbara\/\"}]}<\/script>\n<!-- \/ Yoast SEO plugin. -->","yoast_head_json":{"title":"Caso Brumadinho: Justi\u00e7a autoriza recurso e caso do ex-presidente da Vale vai ao STJ - Observat\u00f3rio das A\u00e7\u00f5es Penais sobre a Trag\u00e9dia de Brumadinho","description":"O Tribunal Regional Federal da 6\u00aa Regi\u00e3o (TRF-6) aceitou um recurso do Minist\u00e9rio P\u00fablico Federal, com apoio da AVABRUM, para reverter a decis\u00e3o que havia trancado a a\u00e7\u00e3o penal contra o ex-presidente da Vale, Fabio Schvartsman.","robots":{"index":"index","follow":"follow","max-snippet":"max-snippet:-1","max-image-preview":"max-image-preview:large","max-video-preview":"max-video-preview:-1"},"canonical":"https:\/\/obspenalbrumadinho.com.br\/caso-brumadinho-justica-autoriza-recurso-e-caso-do-ex-presidente-da-vale-vai-ao-stj\/","og_locale":"en_US","og_type":"article","og_title":"Caso Brumadinho: Justi\u00e7a autoriza recurso e caso do ex-presidente da Vale vai ao STJ - Observat\u00f3rio das A\u00e7\u00f5es Penais sobre a Trag\u00e9dia de Brumadinho","og_description":"O Tribunal Regional Federal da 6\u00aa Regi\u00e3o (TRF-6) aceitou um recurso do Minist\u00e9rio P\u00fablico Federal, com apoio da AVABRUM, para reverter a decis\u00e3o que havia trancado a a\u00e7\u00e3o penal contra o ex-presidente da Vale, Fabio Schvartsman.","og_url":"https:\/\/obspenalbrumadinho.com.br\/caso-brumadinho-justica-autoriza-recurso-e-caso-do-ex-presidente-da-vale-vai-ao-stj\/","og_site_name":"Observat\u00f3rio das A\u00e7\u00f5es Penais sobre a Trag\u00e9dia de Brumadinho","article_published_time":"2025-04-15T00:37:57+00:00","og_image":[{"width":1200,"height":720,"url":"https:\/\/obspenalbrumadinho.com.br\/wp-content\/uploads\/2025\/04\/schvartsman.jpg","type":"image\/jpeg"}],"author":"B\u00e1rbara Lu\u00edza","twitter_card":"summary_large_image","twitter_misc":{"Written by":"B\u00e1rbara Lu\u00edza","Est. reading time":"2 minutes"},"schema":{"@context":"https:\/\/schema.org","@graph":[{"@type":"Article","@id":"https:\/\/obspenalbrumadinho.com.br\/caso-brumadinho-justica-autoriza-recurso-e-caso-do-ex-presidente-da-vale-vai-ao-stj\/#article","isPartOf":{"@id":"https:\/\/obspenalbrumadinho.com.br\/caso-brumadinho-justica-autoriza-recurso-e-caso-do-ex-presidente-da-vale-vai-ao-stj\/"},"author":{"name":"B\u00e1rbara Lu\u00edza","@id":"https:\/\/obspenalbrumadinho.com.br\/#\/schema\/person\/6855aa9b88f9c59557d49afae67edd5b"},"headline":"Caso Brumadinho: Justi\u00e7a autoriza recurso e caso do ex-presidente da Vale vai ao STJ","datePublished":"2025-04-15T00:37:57+00:00","mainEntityOfPage":{"@id":"https:\/\/obspenalbrumadinho.com.br\/caso-brumadinho-justica-autoriza-recurso-e-caso-do-ex-presidente-da-vale-vai-ao-stj\/"},"wordCount":315,"commentCount":0,"publisher":{"@id":"https:\/\/obspenalbrumadinho.com.br\/#organization"},"image":{"@id":"https:\/\/obspenalbrumadinho.com.br\/caso-brumadinho-justica-autoriza-recurso-e-caso-do-ex-presidente-da-vale-vai-ao-stj\/#primaryimage"},"thumbnailUrl":"https:\/\/obspenalbrumadinho.com.br\/wp-content\/uploads\/2025\/04\/schvartsman.jpg","keywords":["A\u00e7\u00e3o Penal","justi\u00e7a por brumadinho"],"articleSection":["A\u00e7\u00e3o penal"],"inLanguage":"en-US","potentialAction":[{"@type":"CommentAction","name":"Comment","target":["https:\/\/obspenalbrumadinho.com.br\/caso-brumadinho-justica-autoriza-recurso-e-caso-do-ex-presidente-da-vale-vai-ao-stj\/#respond"]}]},{"@type":"WebPage","@id":"https:\/\/obspenalbrumadinho.com.br\/caso-brumadinho-justica-autoriza-recurso-e-caso-do-ex-presidente-da-vale-vai-ao-stj\/","url":"https:\/\/obspenalbrumadinho.com.br\/caso-brumadinho-justica-autoriza-recurso-e-caso-do-ex-presidente-da-vale-vai-ao-stj\/","name":"Caso Brumadinho: Justi\u00e7a autoriza recurso e caso do ex-presidente da Vale vai ao STJ - Observat\u00f3rio das A\u00e7\u00f5es Penais sobre a Trag\u00e9dia de Brumadinho","isPartOf":{"@id":"https:\/\/obspenalbrumadinho.com.br\/#website"},"primaryImageOfPage":{"@id":"https:\/\/obspenalbrumadinho.com.br\/caso-brumadinho-justica-autoriza-recurso-e-caso-do-ex-presidente-da-vale-vai-ao-stj\/#primaryimage"},"image":{"@id":"https:\/\/obspenalbrumadinho.com.br\/caso-brumadinho-justica-autoriza-recurso-e-caso-do-ex-presidente-da-vale-vai-ao-stj\/#primaryimage"},"thumbnailUrl":"https:\/\/obspenalbrumadinho.com.br\/wp-content\/uploads\/2025\/04\/schvartsman.jpg","datePublished":"2025-04-15T00:37:57+00:00","description":"O Tribunal Regional Federal da 6\u00aa Regi\u00e3o (TRF-6) aceitou um recurso do Minist\u00e9rio P\u00fablico Federal, com apoio da AVABRUM, para reverter a decis\u00e3o que havia trancado a a\u00e7\u00e3o penal contra o ex-presidente da Vale, Fabio Schvartsman.","breadcrumb":{"@id":"https:\/\/obspenalbrumadinho.com.br\/caso-brumadinho-justica-autoriza-recurso-e-caso-do-ex-presidente-da-vale-vai-ao-stj\/#breadcrumb"},"inLanguage":"en-US","potentialAction":[{"@type":"ReadAction","target":["https:\/\/obspenalbrumadinho.com.br\/caso-brumadinho-justica-autoriza-recurso-e-caso-do-ex-presidente-da-vale-vai-ao-stj\/"]}]},{"@type":"ImageObject","inLanguage":"en-US","@id":"https:\/\/obspenalbrumadinho.com.br\/caso-brumadinho-justica-autoriza-recurso-e-caso-do-ex-presidente-da-vale-vai-ao-stj\/#primaryimage","url":"https:\/\/obspenalbrumadinho.com.br\/wp-content\/uploads\/2025\/04\/schvartsman.jpg","contentUrl":"https:\/\/obspenalbrumadinho.com.br\/wp-content\/uploads\/2025\/04\/schvartsman.jpg","width":1200,"height":720,"caption":"O ex-presidente da Vale, F\u00e1bio Schvartsman. Foto: Marcelo Camargo\/Ag\u00eancia Brasil"},{"@type":"BreadcrumbList","@id":"https:\/\/obspenalbrumadinho.com.br\/caso-brumadinho-justica-autoriza-recurso-e-caso-do-ex-presidente-da-vale-vai-ao-stj\/#breadcrumb","itemListElement":[{"@type":"ListItem","position":1,"name":"Home","item":"https:\/\/obspenalbrumadinho.com.br\/en\/"},{"@type":"ListItem","position":2,"name":"Caso Brumadinho: Justi\u00e7a autoriza recurso e caso do ex-presidente da Vale vai ao STJ"}]},{"@type":"WebSite","@id":"https:\/\/obspenalbrumadinho.com.br\/#website","url":"https:\/\/obspenalbrumadinho.com.br\/","name":"Observat\u00f3rio das A\u00e7\u00f5es Penais sobre a Trag\u00e9dia de Brumadinho","description":"Observat\u00f3rio das a\u00e7\u00f5es penais sobre a trag\u00e9dia de Brumadinho: acompanhe processos criminais no Brasil e na Alemanha, acervo online e not\u00edcias em defesa da justi\u00e7a.","publisher":{"@id":"https:\/\/obspenalbrumadinho.com.br\/#organization"},"potentialAction":[{"@type":"SearchAction","target":{"@type":"EntryPoint","urlTemplate":"https:\/\/obspenalbrumadinho.com.br\/?s={search_term_string}"},"query-input":{"@type":"PropertyValueSpecification","valueRequired":true,"valueName":"search_term_string"}}],"inLanguage":"en-US"},{"@type":"Organization","@id":"https:\/\/obspenalbrumadinho.com.br\/#organization","name":"Observat\u00f3rio das A\u00e7\u00f5es Penais sobre a Trag\u00e9dia de Brumadinho","url":"https:\/\/obspenalbrumadinho.com.br\/","logo":{"@type":"ImageObject","inLanguage":"en-US","@id":"https:\/\/obspenalbrumadinho.com.br\/#\/schema\/logo\/image\/","url":"https:\/\/obspenalbrumadinho.com.br\/wp-content\/uploads\/2026\/02\/OBS-Logo-2025_Horizontal-1-scaled.png","contentUrl":"https:\/\/obspenalbrumadinho.com.br\/wp-content\/uploads\/2026\/02\/OBS-Logo-2025_Horizontal-1-scaled.png","width":2560,"height":1098,"caption":"Observat\u00f3rio das A\u00e7\u00f5es Penais sobre a Trag\u00e9dia de Brumadinho"},"image":{"@id":"https:\/\/obspenalbrumadinho.com.br\/#\/schema\/logo\/image\/"}},{"@type":"Person","@id":"https:\/\/obspenalbrumadinho.com.br\/#\/schema\/person\/6855aa9b88f9c59557d49afae67edd5b","name":"B\u00e1rbara Lu\u00edza","image":{"@type":"ImageObject","inLanguage":"en-US","@id":"https:\/\/obspenalbrumadinho.com.br\/#\/schema\/person\/image\/","url":"https:\/\/secure.gravatar.com\/avatar\/193c6c1ae50972eb0d7d95c5cb50f6359dd3af889bc017b18fd8758251c5a77f?s=96&d=mm&r=g","contentUrl":"https:\/\/secure.gravatar.com\/avatar\/193c6c1ae50972eb0d7d95c5cb50f6359dd3af889bc017b18fd8758251c5a77f?s=96&d=mm&r=g","caption":"B\u00e1rbara Lu\u00edza"},"sameAs":["http:\/\/obspenalbrumadinho.com.br"],"url":"https:\/\/obspenalbrumadinho.com.br\/en\/author\/barbara\/"}]}},"_links":{"self":[{"href":"https:\/\/obspenalbrumadinho.com.br\/en\/wp-json\/wp\/v2\/posts\/3380","targetHints":{"allow":["GET"]}}],"collection":[{"href":"https:\/\/obspenalbrumadinho.com.br\/en\/wp-json\/wp\/v2\/posts"}],"about":[{"href":"https:\/\/obspenalbrumadinho.com.br\/en\/wp-json\/wp\/v2\/types\/post"}],"author":[{"embeddable":true,"href":"https:\/\/obspenalbrumadinho.com.br\/en\/wp-json\/wp\/v2\/users\/5"}],"replies":[{"embeddable":true,"href":"https:\/\/obspenalbrumadinho.com.br\/en\/wp-json\/wp\/v2\/comments?post=3380"}],"version-history":[{"count":2,"href":"https:\/\/obspenalbrumadinho.com.br\/en\/wp-json\/wp\/v2\/posts\/3380\/revisions"}],"predecessor-version":[{"id":3385,"href":"https:\/\/obspenalbrumadinho.com.br\/en\/wp-json\/wp\/v2\/posts\/3380\/revisions\/3385"}],"wp:featuredmedia":[{"embeddable":true,"href":"https:\/\/obspenalbrumadinho.com.br\/en\/wp-json\/wp\/v2\/media\/3381"}],"wp:attachment":[{"href":"https:\/\/obspenalbrumadinho.com.br\/en\/wp-json\/wp\/v2\/media?parent=3380"}],"wp:term":[{"taxonomy":"category","embeddable":true,"href":"https:\/\/obspenalbrumadinho.com.br\/en\/wp-json\/wp\/v2\/categories?post=3380"},{"taxonomy":"post_tag","embeddable":true,"href":"https:\/\/obspenalbrumadinho.com.br\/en\/wp-json\/wp\/v2\/tags?post=3380"}],"curies":[{"name":"wp","href":"https:\/\/api.w.org\/{rel}","templated":true}]}}