 {"id":3611,"date":"2025-06-24T14:49:52","date_gmt":"2025-06-24T17:49:52","guid":{"rendered":"https:\/\/obspenalbrumadinho.com.br\/?p=3611"},"modified":"2025-06-24T14:49:52","modified_gmt":"2025-06-24T17:49:52","slug":"encontro-entre-avabrum-e-crea-mg-reforca-compromisso-com-justica-memoria-e-responsabilidade-tecnica","status":"publish","type":"post","link":"https:\/\/obspenalbrumadinho.com.br\/en\/encontro-entre-avabrum-e-crea-mg-reforca-compromisso-com-justica-memoria-e-responsabilidade-tecnica\/","title":{"rendered":"Encontro entre AVABRUM e CREA-MG refor\u00e7a compromisso com justi\u00e7a, mem\u00f3ria e responsabilidade t\u00e9cnica"},"content":{"rendered":"<p>No \u00faltimo dia 18 de junho, nos reunimos com o a AVABRUM (Associa\u00e7\u00e3o dos Familiares de V\u00edtimas e Atingidos pelo Rompimento da Barragem Mina C\u00f3rrego do Feij\u00e3o) e o Conselho Regional de Engenharia e Agronomia de Minas Gerais (CREA-MG). O encontro teve o objetivo de reafirmar o compromisso com a preserva\u00e7\u00e3o da mem\u00f3ria das 272 v\u00edtimas, o fortalecimento da justi\u00e7a e a promo\u00e7\u00e3o de uma engenharia \u00e9tica e respons\u00e1vel, com a investiga\u00e7\u00e3o e puni\u00e7\u00e3o de respons\u00e1veis pelo rompimento da barragem.<\/p>\n<p>Estiveram presentes as representantes da AVABRUM, Josiane Melo (irm\u00e3 de Eliane Melo e sua nascitura, Maria Elisa) e Kenya Paiva (esposa de Adriano Lamounier), al\u00e9m dos advogados Danilo Chammas, Thabata Pena e do estagi\u00e1rio de direito, Pablo Martins. Representando o CREA-MG, participaram o presidente Marcos Torres Gerv\u00e1sio, a gerente da Divis\u00e3o T\u00e9cnica Juliana Boncompagni e o gerente do Departamento de Fiscaliza\u00e7\u00e3o Nicolau Neder.<\/p>\n<p>Durante a reuni\u00e3o, a AVABRUM ressaltou a import\u00e2ncia do Memorial em Brumadinho como espa\u00e7o de transforma\u00e7\u00e3o, conscientiza\u00e7\u00e3o e justi\u00e7a. O encontro tamb\u00e9m foi marcado pelo reconhecimento da atua\u00e7\u00e3o do CREA-MG na responsabiliza\u00e7\u00e3o de profissionais envolvidos na trag\u00e9dia. At\u00e9 o momento, cinco engenheiros tiveram seus registros cassados por decis\u00e3o do Confea (Conselho Federal de Engenharia e Agronomia), ap\u00f3s processos iniciados pelo CREA-MG em 2019. Outros 12 processos aguardam julgamento em inst\u00e2ncia final.<\/p>\n<p>\u201cEssa cassa\u00e7\u00e3o \u00e9 uma forma de justi\u00e7a e tem um efeito pedag\u00f3gico para os profissionais\u201d, destacou Kenya Paiva.<\/p>\n<p>Al\u00e9m de apontar caminhos para o fortalecimento do papel \u00e9tico da engenharia, a AVABRUM e os advogados presentes refor\u00e7aram a necessidade de a\u00e7\u00f5es que evitem a repeti\u00e7\u00e3o de trag\u00e9dias como a de Brumadinho.<br \/>\nO presidente do CREA-MG destacou a import\u00e2ncia do di\u00e1logo com familiares e entidades da sociedade civil: \u201c\u00c9 preciso garantir que o que aconteceu em Brumadinho nunca mais se repita. E isso s\u00f3 ser\u00e1 poss\u00edvel com justi\u00e7a, mem\u00f3ria e compromisso com a vida\u201d, afirmou Marcos Gerv\u00e1sio.<\/p>\n<p>O Observat\u00f3rio das A\u00e7\u00f5es Penais segue acompanhando e registrando cada passo em dire\u00e7\u00e3o \u00e0 justi\u00e7a e \u00e0 n\u00e3o repeti\u00e7\u00e3o.<\/p>\n","protected":false},"excerpt":{"rendered":"<p>No \u00faltimo dia 18 de junho, nos reunimos com o a AVABRUM (Associa\u00e7\u00e3o dos Familiares de V\u00edtimas e Atingidos pelo Rompimento da Barragem Mina C\u00f3rrego do Feij\u00e3o) e o Conselho Regional de Engenharia e Agronomia de Minas Gerais (CREA-MG). O [&hellip;]<\/p>\n","protected":false},"author":5,"featured_media":3612,"comment_status":"open","ping_status":"open","sticky":false,"template":"","format":"standard","meta":{"_acf_changed":false,"footnotes":""},"categories":[90],"tags":[35,34,37,91],"class_list":["post-3611","post","type-post","status-publish","format-standard","has-post-thumbnail","hentry","category-6-anos-brumadinho","tag-avabrum","tag-brumadinho","tag-justica-pelas-joias","tag-justica-por-brumadinho"],"acf":[],"yoast_head":"<!-- This site is optimized with the Yoast SEO plugin v26.8 - https:\/\/yoast.com\/product\/yoast-seo-wordpress\/ -->\n<title>Encontro entre AVABRUM e CREA-MG refor\u00e7a compromisso com justi\u00e7a, mem\u00f3ria e responsabilidade t\u00e9cnica - Observat\u00f3rio das A\u00e7\u00f5es Penais sobre a Trag\u00e9dia de Brumadinho<\/title>\n<meta name=\"description\" content=\"Encontro entre AVABRUM e CREA-MG refor\u00e7a compromisso com justi\u00e7a, mem\u00f3ria e responsabilidade t\u00e9cnica - Observat\u00f3rio das A\u00e7\u00f5es Penais sobre a Trag\u00e9dia de Brumadinho\" \/>\n<meta name=\"robots\" content=\"index, follow, max-snippet:-1, max-image-preview:large, max-video-preview:-1\" \/>\n<link rel=\"canonical\" href=\"https:\/\/obspenalbrumadinho.com.br\/encontro-entre-avabrum-e-crea-mg-reforca-compromisso-com-justica-memoria-e-responsabilidade-tecnica\/\" \/>\n<meta property=\"og:locale\" content=\"en_US\" \/>\n<meta property=\"og:type\" content=\"article\" \/>\n<meta property=\"og:title\" content=\"Encontro entre AVABRUM e CREA-MG refor\u00e7a compromisso com justi\u00e7a, mem\u00f3ria e responsabilidade t\u00e9cnica - Observat\u00f3rio das A\u00e7\u00f5es Penais sobre a Trag\u00e9dia de Brumadinho\" \/>\n<meta property=\"og:description\" content=\"Encontro entre AVABRUM e CREA-MG refor\u00e7a compromisso com justi\u00e7a, mem\u00f3ria e responsabilidade t\u00e9cnica - Observat\u00f3rio das A\u00e7\u00f5es Penais sobre a Trag\u00e9dia de Brumadinho\" \/>\n<meta property=\"og:url\" content=\"https:\/\/obspenalbrumadinho.com.br\/encontro-entre-avabrum-e-crea-mg-reforca-compromisso-com-justica-memoria-e-responsabilidade-tecnica\/\" \/>\n<meta property=\"og:site_name\" content=\"Observat\u00f3rio das A\u00e7\u00f5es Penais sobre a Trag\u00e9dia de Brumadinho\" \/>\n<meta property=\"article:published_time\" content=\"2025-06-24T17:49:52+00:00\" \/>\n<meta property=\"og:image\" content=\"https:\/\/obspenalbrumadinho.com.br\/wp-content\/uploads\/2025\/06\/Crea-scaled.jpg\" \/>\n\t<meta property=\"og:image:width\" content=\"2560\" \/>\n\t<meta property=\"og:image:height\" content=\"1787\" \/>\n\t<meta property=\"og:image:type\" content=\"image\/jpeg\" \/>\n<meta name=\"author\" content=\"B\u00e1rbara Lu\u00edza\" \/>\n<meta name=\"twitter:card\" content=\"summary_large_image\" \/>\n<meta name=\"twitter:label1\" content=\"Written by\" \/>\n\t<meta name=\"twitter:data1\" content=\"B\u00e1rbara Lu\u00edza\" \/>\n\t<meta name=\"twitter:label2\" content=\"Est. reading time\" \/>\n\t<meta name=\"twitter:data2\" content=\"3 minutes\" \/>\n<script type=\"application\/ld+json\" class=\"yoast-schema-graph\">{\"@context\":\"https:\/\/schema.org\",\"@graph\":[{\"@type\":\"Article\",\"@id\":\"https:\/\/obspenalbrumadinho.com.br\/encontro-entre-avabrum-e-crea-mg-reforca-compromisso-com-justica-memoria-e-responsabilidade-tecnica\/#article\",\"isPartOf\":{\"@id\":\"https:\/\/obspenalbrumadinho.com.br\/encontro-entre-avabrum-e-crea-mg-reforca-compromisso-com-justica-memoria-e-responsabilidade-tecnica\/\"},\"author\":{\"name\":\"B\u00e1rbara Lu\u00edza\",\"@id\":\"https:\/\/obspenalbrumadinho.com.br\/#\/schema\/person\/6855aa9b88f9c59557d49afae67edd5b\"},\"headline\":\"Encontro entre AVABRUM e CREA-MG refor\u00e7a compromisso com justi\u00e7a, mem\u00f3ria e responsabilidade t\u00e9cnica\",\"datePublished\":\"2025-06-24T17:49:52+00:00\",\"mainEntityOfPage\":{\"@id\":\"https:\/\/obspenalbrumadinho.com.br\/encontro-entre-avabrum-e-crea-mg-reforca-compromisso-com-justica-memoria-e-responsabilidade-tecnica\/\"},\"wordCount\":390,\"commentCount\":0,\"publisher\":{\"@id\":\"https:\/\/obspenalbrumadinho.com.br\/#organization\"},\"image\":{\"@id\":\"https:\/\/obspenalbrumadinho.com.br\/encontro-entre-avabrum-e-crea-mg-reforca-compromisso-com-justica-memoria-e-responsabilidade-tecnica\/#primaryimage\"},\"thumbnailUrl\":\"https:\/\/obspenalbrumadinho.com.br\/wp-content\/uploads\/2025\/06\/Crea-scaled.jpg\",\"keywords\":[\"AVABRUM\",\"Brumadinho\",\"Justi\u00e7a pelas Joias\",\"justi\u00e7a por brumadinho\"],\"articleSection\":[\"6 anos Brumadinho\"],\"inLanguage\":\"en-US\",\"potentialAction\":[{\"@type\":\"CommentAction\",\"name\":\"Comment\",\"target\":[\"https:\/\/obspenalbrumadinho.com.br\/encontro-entre-avabrum-e-crea-mg-reforca-compromisso-com-justica-memoria-e-responsabilidade-tecnica\/#respond\"]}]},{\"@type\":\"WebPage\",\"@id\":\"https:\/\/obspenalbrumadinho.com.br\/encontro-entre-avabrum-e-crea-mg-reforca-compromisso-com-justica-memoria-e-responsabilidade-tecnica\/\",\"url\":\"https:\/\/obspenalbrumadinho.com.br\/encontro-entre-avabrum-e-crea-mg-reforca-compromisso-com-justica-memoria-e-responsabilidade-tecnica\/\",\"name\":\"Encontro entre AVABRUM e CREA-MG refor\u00e7a compromisso com justi\u00e7a, mem\u00f3ria e responsabilidade t\u00e9cnica - Observat\u00f3rio das A\u00e7\u00f5es Penais sobre a Trag\u00e9dia de Brumadinho\",\"isPartOf\":{\"@id\":\"https:\/\/obspenalbrumadinho.com.br\/#website\"},\"primaryImageOfPage\":{\"@id\":\"https:\/\/obspenalbrumadinho.com.br\/encontro-entre-avabrum-e-crea-mg-reforca-compromisso-com-justica-memoria-e-responsabilidade-tecnica\/#primaryimage\"},\"image\":{\"@id\":\"https:\/\/obspenalbrumadinho.com.br\/encontro-entre-avabrum-e-crea-mg-reforca-compromisso-com-justica-memoria-e-responsabilidade-tecnica\/#primaryimage\"},\"thumbnailUrl\":\"https:\/\/obspenalbrumadinho.com.br\/wp-content\/uploads\/2025\/06\/Crea-scaled.jpg\",\"datePublished\":\"2025-06-24T17:49:52+00:00\",\"description\":\"Encontro entre AVABRUM e CREA-MG refor\u00e7a compromisso com justi\u00e7a, mem\u00f3ria e responsabilidade t\u00e9cnica - Observat\u00f3rio das A\u00e7\u00f5es Penais sobre a Trag\u00e9dia de Brumadinho\",\"breadcrumb\":{\"@id\":\"https:\/\/obspenalbrumadinho.com.br\/encontro-entre-avabrum-e-crea-mg-reforca-compromisso-com-justica-memoria-e-responsabilidade-tecnica\/#breadcrumb\"},\"inLanguage\":\"en-US\",\"potentialAction\":[{\"@type\":\"ReadAction\",\"target\":[\"https:\/\/obspenalbrumadinho.com.br\/encontro-entre-avabrum-e-crea-mg-reforca-compromisso-com-justica-memoria-e-responsabilidade-tecnica\/\"]}]},{\"@type\":\"ImageObject\",\"inLanguage\":\"en-US\",\"@id\":\"https:\/\/obspenalbrumadinho.com.br\/encontro-entre-avabrum-e-crea-mg-reforca-compromisso-com-justica-memoria-e-responsabilidade-tecnica\/#primaryimage\",\"url\":\"https:\/\/obspenalbrumadinho.com.br\/wp-content\/uploads\/2025\/06\/Crea-scaled.jpg\",\"contentUrl\":\"https:\/\/obspenalbrumadinho.com.br\/wp-content\/uploads\/2025\/06\/Crea-scaled.jpg\",\"width\":2560,\"height\":1787,\"caption\":\"Cr\u00e9dito - B\u00e1rbara Lu\u00edza\"},{\"@type\":\"BreadcrumbList\",\"@id\":\"https:\/\/obspenalbrumadinho.com.br\/encontro-entre-avabrum-e-crea-mg-reforca-compromisso-com-justica-memoria-e-responsabilidade-tecnica\/#breadcrumb\",\"itemListElement\":[{\"@type\":\"ListItem\",\"position\":1,\"name\":\"Home\",\"item\":\"https:\/\/obspenalbrumadinho.com.br\/en\/\"},{\"@type\":\"ListItem\",\"position\":2,\"name\":\"Encontro entre AVABRUM e CREA-MG refor\u00e7a compromisso com justi\u00e7a, mem\u00f3ria e responsabilidade t\u00e9cnica\"}]},{\"@type\":\"WebSite\",\"@id\":\"https:\/\/obspenalbrumadinho.com.br\/#website\",\"url\":\"https:\/\/obspenalbrumadinho.com.br\/\",\"name\":\"Observat\u00f3rio das A\u00e7\u00f5es Penais sobre a Trag\u00e9dia de Brumadinho\",\"description\":\"Observat\u00f3rio das a\u00e7\u00f5es penais sobre a trag\u00e9dia de Brumadinho: acompanhe processos criminais no Brasil e na Alemanha, acervo online e not\u00edcias em defesa da justi\u00e7a.\",\"publisher\":{\"@id\":\"https:\/\/obspenalbrumadinho.com.br\/#organization\"},\"potentialAction\":[{\"@type\":\"SearchAction\",\"target\":{\"@type\":\"EntryPoint\",\"urlTemplate\":\"https:\/\/obspenalbrumadinho.com.br\/?s={search_term_string}\"},\"query-input\":{\"@type\":\"PropertyValueSpecification\",\"valueRequired\":true,\"valueName\":\"search_term_string\"}}],\"inLanguage\":\"en-US\"},{\"@type\":\"Organization\",\"@id\":\"https:\/\/obspenalbrumadinho.com.br\/#organization\",\"name\":\"Observat\u00f3rio das A\u00e7\u00f5es Penais sobre a Trag\u00e9dia de Brumadinho\",\"url\":\"https:\/\/obspenalbrumadinho.com.br\/\",\"logo\":{\"@type\":\"ImageObject\",\"inLanguage\":\"en-US\",\"@id\":\"https:\/\/obspenalbrumadinho.com.br\/#\/schema\/logo\/image\/\",\"url\":\"https:\/\/obspenalbrumadinho.com.br\/wp-content\/uploads\/2026\/02\/OBS-Logo-2025_Horizontal-1-scaled.png\",\"contentUrl\":\"https:\/\/obspenalbrumadinho.com.br\/wp-content\/uploads\/2026\/02\/OBS-Logo-2025_Horizontal-1-scaled.png\",\"width\":2560,\"height\":1098,\"caption\":\"Observat\u00f3rio das A\u00e7\u00f5es Penais sobre a Trag\u00e9dia de Brumadinho\"},\"image\":{\"@id\":\"https:\/\/obspenalbrumadinho.com.br\/#\/schema\/logo\/image\/\"}},{\"@type\":\"Person\",\"@id\":\"https:\/\/obspenalbrumadinho.com.br\/#\/schema\/person\/6855aa9b88f9c59557d49afae67edd5b\",\"name\":\"B\u00e1rbara Lu\u00edza\",\"image\":{\"@type\":\"ImageObject\",\"inLanguage\":\"en-US\",\"@id\":\"https:\/\/obspenalbrumadinho.com.br\/#\/schema\/person\/image\/\",\"url\":\"https:\/\/secure.gravatar.com\/avatar\/193c6c1ae50972eb0d7d95c5cb50f6359dd3af889bc017b18fd8758251c5a77f?s=96&d=mm&r=g\",\"contentUrl\":\"https:\/\/secure.gravatar.com\/avatar\/193c6c1ae50972eb0d7d95c5cb50f6359dd3af889bc017b18fd8758251c5a77f?s=96&d=mm&r=g\",\"caption\":\"B\u00e1rbara Lu\u00edza\"},\"sameAs\":[\"http:\/\/obspenalbrumadinho.com.br\"],\"url\":\"https:\/\/obspenalbrumadinho.com.br\/en\/author\/barbara\/\"}]}<\/script>\n<!-- \/ Yoast SEO plugin. -->","yoast_head_json":{"title":"Encontro entre AVABRUM e CREA-MG refor\u00e7a compromisso com justi\u00e7a, mem\u00f3ria e responsabilidade t\u00e9cnica - Observat\u00f3rio das A\u00e7\u00f5es Penais sobre a Trag\u00e9dia de Brumadinho","description":"Encontro entre AVABRUM e CREA-MG refor\u00e7a compromisso com justi\u00e7a, mem\u00f3ria e responsabilidade t\u00e9cnica - Observat\u00f3rio das A\u00e7\u00f5es Penais sobre a Trag\u00e9dia de Brumadinho","robots":{"index":"index","follow":"follow","max-snippet":"max-snippet:-1","max-image-preview":"max-image-preview:large","max-video-preview":"max-video-preview:-1"},"canonical":"https:\/\/obspenalbrumadinho.com.br\/encontro-entre-avabrum-e-crea-mg-reforca-compromisso-com-justica-memoria-e-responsabilidade-tecnica\/","og_locale":"en_US","og_type":"article","og_title":"Encontro entre AVABRUM e CREA-MG refor\u00e7a compromisso com justi\u00e7a, mem\u00f3ria e responsabilidade t\u00e9cnica - Observat\u00f3rio das A\u00e7\u00f5es Penais sobre a Trag\u00e9dia de Brumadinho","og_description":"Encontro entre AVABRUM e CREA-MG refor\u00e7a compromisso com justi\u00e7a, mem\u00f3ria e responsabilidade t\u00e9cnica - Observat\u00f3rio das A\u00e7\u00f5es Penais sobre a Trag\u00e9dia de Brumadinho","og_url":"https:\/\/obspenalbrumadinho.com.br\/encontro-entre-avabrum-e-crea-mg-reforca-compromisso-com-justica-memoria-e-responsabilidade-tecnica\/","og_site_name":"Observat\u00f3rio das A\u00e7\u00f5es Penais sobre a Trag\u00e9dia de Brumadinho","article_published_time":"2025-06-24T17:49:52+00:00","og_image":[{"width":2560,"height":1787,"url":"https:\/\/obspenalbrumadinho.com.br\/wp-content\/uploads\/2025\/06\/Crea-scaled.jpg","type":"image\/jpeg"}],"author":"B\u00e1rbara Lu\u00edza","twitter_card":"summary_large_image","twitter_misc":{"Written by":"B\u00e1rbara Lu\u00edza","Est. reading time":"3 minutes"},"schema":{"@context":"https:\/\/schema.org","@graph":[{"@type":"Article","@id":"https:\/\/obspenalbrumadinho.com.br\/encontro-entre-avabrum-e-crea-mg-reforca-compromisso-com-justica-memoria-e-responsabilidade-tecnica\/#article","isPartOf":{"@id":"https:\/\/obspenalbrumadinho.com.br\/encontro-entre-avabrum-e-crea-mg-reforca-compromisso-com-justica-memoria-e-responsabilidade-tecnica\/"},"author":{"name":"B\u00e1rbara Lu\u00edza","@id":"https:\/\/obspenalbrumadinho.com.br\/#\/schema\/person\/6855aa9b88f9c59557d49afae67edd5b"},"headline":"Encontro entre AVABRUM e CREA-MG refor\u00e7a compromisso com justi\u00e7a, mem\u00f3ria e responsabilidade t\u00e9cnica","datePublished":"2025-06-24T17:49:52+00:00","mainEntityOfPage":{"@id":"https:\/\/obspenalbrumadinho.com.br\/encontro-entre-avabrum-e-crea-mg-reforca-compromisso-com-justica-memoria-e-responsabilidade-tecnica\/"},"wordCount":390,"commentCount":0,"publisher":{"@id":"https:\/\/obspenalbrumadinho.com.br\/#organization"},"image":{"@id":"https:\/\/obspenalbrumadinho.com.br\/encontro-entre-avabrum-e-crea-mg-reforca-compromisso-com-justica-memoria-e-responsabilidade-tecnica\/#primaryimage"},"thumbnailUrl":"https:\/\/obspenalbrumadinho.com.br\/wp-content\/uploads\/2025\/06\/Crea-scaled.jpg","keywords":["AVABRUM","Brumadinho","Justi\u00e7a pelas Joias","justi\u00e7a por brumadinho"],"articleSection":["6 anos Brumadinho"],"inLanguage":"en-US","potentialAction":[{"@type":"CommentAction","name":"Comment","target":["https:\/\/obspenalbrumadinho.com.br\/encontro-entre-avabrum-e-crea-mg-reforca-compromisso-com-justica-memoria-e-responsabilidade-tecnica\/#respond"]}]},{"@type":"WebPage","@id":"https:\/\/obspenalbrumadinho.com.br\/encontro-entre-avabrum-e-crea-mg-reforca-compromisso-com-justica-memoria-e-responsabilidade-tecnica\/","url":"https:\/\/obspenalbrumadinho.com.br\/encontro-entre-avabrum-e-crea-mg-reforca-compromisso-com-justica-memoria-e-responsabilidade-tecnica\/","name":"Encontro entre AVABRUM e CREA-MG refor\u00e7a compromisso com justi\u00e7a, mem\u00f3ria e responsabilidade t\u00e9cnica - Observat\u00f3rio das A\u00e7\u00f5es Penais sobre a Trag\u00e9dia de Brumadinho","isPartOf":{"@id":"https:\/\/obspenalbrumadinho.com.br\/#website"},"primaryImageOfPage":{"@id":"https:\/\/obspenalbrumadinho.com.br\/encontro-entre-avabrum-e-crea-mg-reforca-compromisso-com-justica-memoria-e-responsabilidade-tecnica\/#primaryimage"},"image":{"@id":"https:\/\/obspenalbrumadinho.com.br\/encontro-entre-avabrum-e-crea-mg-reforca-compromisso-com-justica-memoria-e-responsabilidade-tecnica\/#primaryimage"},"thumbnailUrl":"https:\/\/obspenalbrumadinho.com.br\/wp-content\/uploads\/2025\/06\/Crea-scaled.jpg","datePublished":"2025-06-24T17:49:52+00:00","description":"Encontro entre AVABRUM e CREA-MG refor\u00e7a compromisso com justi\u00e7a, mem\u00f3ria e responsabilidade t\u00e9cnica - Observat\u00f3rio das A\u00e7\u00f5es Penais sobre a Trag\u00e9dia de Brumadinho","breadcrumb":{"@id":"https:\/\/obspenalbrumadinho.com.br\/encontro-entre-avabrum-e-crea-mg-reforca-compromisso-com-justica-memoria-e-responsabilidade-tecnica\/#breadcrumb"},"inLanguage":"en-US","potentialAction":[{"@type":"ReadAction","target":["https:\/\/obspenalbrumadinho.com.br\/encontro-entre-avabrum-e-crea-mg-reforca-compromisso-com-justica-memoria-e-responsabilidade-tecnica\/"]}]},{"@type":"ImageObject","inLanguage":"en-US","@id":"https:\/\/obspenalbrumadinho.com.br\/encontro-entre-avabrum-e-crea-mg-reforca-compromisso-com-justica-memoria-e-responsabilidade-tecnica\/#primaryimage","url":"https:\/\/obspenalbrumadinho.com.br\/wp-content\/uploads\/2025\/06\/Crea-scaled.jpg","contentUrl":"https:\/\/obspenalbrumadinho.com.br\/wp-content\/uploads\/2025\/06\/Crea-scaled.jpg","width":2560,"height":1787,"caption":"Cr\u00e9dito - B\u00e1rbara Lu\u00edza"},{"@type":"BreadcrumbList","@id":"https:\/\/obspenalbrumadinho.com.br\/encontro-entre-avabrum-e-crea-mg-reforca-compromisso-com-justica-memoria-e-responsabilidade-tecnica\/#breadcrumb","itemListElement":[{"@type":"ListItem","position":1,"name":"Home","item":"https:\/\/obspenalbrumadinho.com.br\/en\/"},{"@type":"ListItem","position":2,"name":"Encontro entre AVABRUM e CREA-MG refor\u00e7a compromisso com justi\u00e7a, mem\u00f3ria e responsabilidade t\u00e9cnica"}]},{"@type":"WebSite","@id":"https:\/\/obspenalbrumadinho.com.br\/#website","url":"https:\/\/obspenalbrumadinho.com.br\/","name":"Observat\u00f3rio das A\u00e7\u00f5es Penais sobre a Trag\u00e9dia de Brumadinho","description":"Observat\u00f3rio das a\u00e7\u00f5es penais sobre a trag\u00e9dia de Brumadinho: acompanhe processos criminais no Brasil e na Alemanha, acervo online e not\u00edcias em defesa da justi\u00e7a.","publisher":{"@id":"https:\/\/obspenalbrumadinho.com.br\/#organization"},"potentialAction":[{"@type":"SearchAction","target":{"@type":"EntryPoint","urlTemplate":"https:\/\/obspenalbrumadinho.com.br\/?s={search_term_string}"},"query-input":{"@type":"PropertyValueSpecification","valueRequired":true,"valueName":"search_term_string"}}],"inLanguage":"en-US"},{"@type":"Organization","@id":"https:\/\/obspenalbrumadinho.com.br\/#organization","name":"Observat\u00f3rio das A\u00e7\u00f5es Penais sobre a Trag\u00e9dia de Brumadinho","url":"https:\/\/obspenalbrumadinho.com.br\/","logo":{"@type":"ImageObject","inLanguage":"en-US","@id":"https:\/\/obspenalbrumadinho.com.br\/#\/schema\/logo\/image\/","url":"https:\/\/obspenalbrumadinho.com.br\/wp-content\/uploads\/2026\/02\/OBS-Logo-2025_Horizontal-1-scaled.png","contentUrl":"https:\/\/obspenalbrumadinho.com.br\/wp-content\/uploads\/2026\/02\/OBS-Logo-2025_Horizontal-1-scaled.png","width":2560,"height":1098,"caption":"Observat\u00f3rio das A\u00e7\u00f5es Penais sobre a Trag\u00e9dia de Brumadinho"},"image":{"@id":"https:\/\/obspenalbrumadinho.com.br\/#\/schema\/logo\/image\/"}},{"@type":"Person","@id":"https:\/\/obspenalbrumadinho.com.br\/#\/schema\/person\/6855aa9b88f9c59557d49afae67edd5b","name":"B\u00e1rbara Lu\u00edza","image":{"@type":"ImageObject","inLanguage":"en-US","@id":"https:\/\/obspenalbrumadinho.com.br\/#\/schema\/person\/image\/","url":"https:\/\/secure.gravatar.com\/avatar\/193c6c1ae50972eb0d7d95c5cb50f6359dd3af889bc017b18fd8758251c5a77f?s=96&d=mm&r=g","contentUrl":"https:\/\/secure.gravatar.com\/avatar\/193c6c1ae50972eb0d7d95c5cb50f6359dd3af889bc017b18fd8758251c5a77f?s=96&d=mm&r=g","caption":"B\u00e1rbara Lu\u00edza"},"sameAs":["http:\/\/obspenalbrumadinho.com.br"],"url":"https:\/\/obspenalbrumadinho.com.br\/en\/author\/barbara\/"}]}},"_links":{"self":[{"href":"https:\/\/obspenalbrumadinho.com.br\/en\/wp-json\/wp\/v2\/posts\/3611","targetHints":{"allow":["GET"]}}],"collection":[{"href":"https:\/\/obspenalbrumadinho.com.br\/en\/wp-json\/wp\/v2\/posts"}],"about":[{"href":"https:\/\/obspenalbrumadinho.com.br\/en\/wp-json\/wp\/v2\/types\/post"}],"author":[{"embeddable":true,"href":"https:\/\/obspenalbrumadinho.com.br\/en\/wp-json\/wp\/v2\/users\/5"}],"replies":[{"embeddable":true,"href":"https:\/\/obspenalbrumadinho.com.br\/en\/wp-json\/wp\/v2\/comments?post=3611"}],"version-history":[{"count":1,"href":"https:\/\/obspenalbrumadinho.com.br\/en\/wp-json\/wp\/v2\/posts\/3611\/revisions"}],"predecessor-version":[{"id":3615,"href":"https:\/\/obspenalbrumadinho.com.br\/en\/wp-json\/wp\/v2\/posts\/3611\/revisions\/3615"}],"wp:featuredmedia":[{"embeddable":true,"href":"https:\/\/obspenalbrumadinho.com.br\/en\/wp-json\/wp\/v2\/media\/3612"}],"wp:attachment":[{"href":"https:\/\/obspenalbrumadinho.com.br\/en\/wp-json\/wp\/v2\/media?parent=3611"}],"wp:term":[{"taxonomy":"category","embeddable":true,"href":"https:\/\/obspenalbrumadinho.com.br\/en\/wp-json\/wp\/v2\/categories?post=3611"},{"taxonomy":"post_tag","embeddable":true,"href":"https:\/\/obspenalbrumadinho.com.br\/en\/wp-json\/wp\/v2\/tags?post=3611"}],"curies":[{"name":"wp","href":"https:\/\/api.w.org\/{rel}","templated":true}]}}