 {"id":3816,"date":"2025-08-27T15:42:26","date_gmt":"2025-08-27T18:42:26","guid":{"rendered":"https:\/\/obspenalbrumadinho.com.br\/ja-sao-oito-os-engenheiros-com-registro-cassado-por-responsabilidade-no-rompimento-da-barragem-de-brumadinho\/"},"modified":"2025-08-27T15:45:37","modified_gmt":"2025-08-27T18:45:37","slug":"ja-sao-oito-os-engenheiros-com-registro-cassado-por-responsabilidade-no-rompimento-da-barragem-de-brumadinho","status":"publish","type":"post","link":"https:\/\/obspenalbrumadinho.com.br\/en\/ja-sao-oito-os-engenheiros-com-registro-cassado-por-responsabilidade-no-rompimento-da-barragem-de-brumadinho\/","title":{"rendered":"J\u00e1 s\u00e3o oito os engenheiros com registro profissional cassado por responsabilidade no rompimento da barragem de Brumadinho"},"content":{"rendered":"<p>Oito engenheiros e engenheiras tiveram at\u00e9 o momento seu registro profissional cassado pelo CREA-MG devido \u00e0 responsabilidade no rompimento da barragem da Mina C\u00f3rrego do Feij\u00e3o, em Brumadinho, em 25 de janeiro de 2019.<\/p>\n<p>Foram punidos:<br \/>\nAndrea Leal Loureiro Dornas<br \/>\nAlexandre de Paula Campanha<br \/>\nArsenio Negro Junior<br \/>\nCesar Augusto Paulino Grandchamp<br \/>\nJoaquim Pedro de Toledo<br \/>\nLucio Flavo Gallon Cavalli<br \/>\nMarilene Christina Oliveira Lopes de Assis Ara\u00fajo<br \/>\nRenzo Albieiri Guimar\u00e3es Carvalho<\/p>\n<p>A cassa\u00e7\u00e3o \u00e9 a penalidade mais grave prevista pelo sistema profissional e decorre de infra\u00e7\u00f5es ao art. 75 da Lei n\u00ba 5.194\/1966, sobre \u201cm\u00e1 conduta p\u00fablica e esc\u00e2ndalos praticados pelo profissional\u201d, e ao art. 3\u00ba da Resolu\u00e7\u00e3o n\u00ba 1.090\/2017 do Confea que trata de:<\/p>\n<p>\u2013 erro t\u00e9cnico grave por neglig\u00eancia, imper\u00edcia ou imprud\u00eancia, causando danos;<br \/>\n\u2013 conduta incompat\u00edvel com a honra, a dignidade e a boa imagem da profiss\u00e3o.<\/p>\n<p>Com exce\u00e7\u00e3o de Andrea Leal Loureiro Dornas \u2013 que foi indiciada pela Pol\u00edcia Federal, mas n\u00e3o inclu\u00edda na den\u00fancia pelo Minist\u00e9rio P\u00fablico \u2013 todos os profissionais citados s\u00e3o r\u00e9us nos processos criminais sobre a trag\u00e9dia-crime de Brumadinho, respondendo por homic\u00eddios dolosos e crimes ambientais.<\/p>\n<p>Outros processos disciplinares est\u00e3o em andamento. Mais engenheiros podem vir a ser punidos.<\/p>\n<p>Mais informa\u00e7\u00f5es: <a href=\"https:\/\/www.crea-mg.org.br\/cancelamento-registros\">Cancelamento de registros \u2013 CREA-MG.<\/a><\/p>\n","protected":false},"excerpt":{"rendered":"<p>Oito engenheiros e engenheiras tiveram at\u00e9 o momento seu registro profissional cassado pelo CREA-MG devido \u00e0 responsabilidade no rompimento da barragem da Mina C\u00f3rrego do Feij\u00e3o, em Brumadinho, em 25 de janeiro de 2019. Foram punidos: Andrea Leal Loureiro Dornas [&hellip;]<\/p>\n","protected":false},"author":5,"featured_media":3813,"comment_status":"open","ping_status":"open","sticky":false,"template":"","format":"standard","meta":{"_acf_changed":false,"footnotes":""},"categories":[100,55],"tags":[102,103],"class_list":["post-3816","post","type-post","status-publish","format-standard","has-post-thumbnail","hentry","category-6-anos-brumadinho-en","category-activities-in-brumadinho","tag-jornada-por-justica-en","tag-justica-por-brumadinho-en"],"acf":[],"yoast_head":"<!-- This site is optimized with the Yoast SEO plugin v26.8 - https:\/\/yoast.com\/product\/yoast-seo-wordpress\/ -->\n<title>J\u00e1 s\u00e3o oito os engenheiros com registro profissional cassado por responsabilidade no rompimento da barragem de Brumadinho - Observat\u00f3rio das A\u00e7\u00f5es Penais sobre a Trag\u00e9dia de Brumadinho<\/title>\n<meta name=\"description\" content=\"Oito engenheiros tiveram o registro cassado pelo CREA-MG por responsabilidade no rompimento da barragem de Brumadinho. Veja os nomes e detalhes.\" \/>\n<meta name=\"robots\" content=\"index, follow, max-snippet:-1, max-image-preview:large, max-video-preview:-1\" \/>\n<link rel=\"canonical\" href=\"https:\/\/obspenalbrumadinho.com.br\/en\/ja-sao-oito-os-engenheiros-com-registro-cassado-por-responsabilidade-no-rompimento-da-barragem-de-brumadinho\/\" \/>\n<meta property=\"og:locale\" content=\"en_US\" \/>\n<meta property=\"og:type\" content=\"article\" \/>\n<meta property=\"og:title\" content=\"J\u00e1 s\u00e3o oito os engenheiros com registro profissional cassado por responsabilidade no rompimento da barragem de Brumadinho - Observat\u00f3rio das A\u00e7\u00f5es Penais sobre a Trag\u00e9dia de Brumadinho\" \/>\n<meta property=\"og:description\" content=\"Oito engenheiros tiveram o registro cassado pelo CREA-MG por responsabilidade no rompimento da barragem de Brumadinho. Veja os nomes e detalhes.\" \/>\n<meta property=\"og:url\" content=\"https:\/\/obspenalbrumadinho.com.br\/en\/ja-sao-oito-os-engenheiros-com-registro-cassado-por-responsabilidade-no-rompimento-da-barragem-de-brumadinho\/\" \/>\n<meta property=\"og:site_name\" content=\"Observat\u00f3rio das A\u00e7\u00f5es Penais sobre a Trag\u00e9dia de Brumadinho\" \/>\n<meta property=\"article:published_time\" content=\"2025-08-27T18:42:26+00:00\" \/>\n<meta property=\"article:modified_time\" content=\"2025-08-27T18:45:37+00:00\" \/>\n<meta property=\"og:image\" content=\"https:\/\/obspenalbrumadinho.com.br\/wp-content\/uploads\/2025\/08\/Foto-Mauro-Pimentel-AFP.jpg\" \/>\n\t<meta property=\"og:image:width\" content=\"1500\" \/>\n\t<meta property=\"og:image:height\" content=\"1000\" \/>\n\t<meta property=\"og:image:type\" content=\"image\/jpeg\" \/>\n<meta name=\"author\" content=\"B\u00e1rbara Lu\u00edza\" \/>\n<meta name=\"twitter:card\" content=\"summary_large_image\" \/>\n<meta name=\"twitter:label1\" content=\"Written by\" \/>\n\t<meta name=\"twitter:data1\" content=\"B\u00e1rbara Lu\u00edza\" \/>\n\t<meta name=\"twitter:label2\" content=\"Est. reading time\" \/>\n\t<meta name=\"twitter:data2\" content=\"2 minutes\" \/>\n<script type=\"application\/ld+json\" class=\"yoast-schema-graph\">{\"@context\":\"https:\/\/schema.org\",\"@graph\":[{\"@type\":\"Article\",\"@id\":\"https:\/\/obspenalbrumadinho.com.br\/en\/ja-sao-oito-os-engenheiros-com-registro-cassado-por-responsabilidade-no-rompimento-da-barragem-de-brumadinho\/#article\",\"isPartOf\":{\"@id\":\"https:\/\/obspenalbrumadinho.com.br\/en\/ja-sao-oito-os-engenheiros-com-registro-cassado-por-responsabilidade-no-rompimento-da-barragem-de-brumadinho\/\"},\"author\":{\"name\":\"B\u00e1rbara Lu\u00edza\",\"@id\":\"https:\/\/obspenalbrumadinho.com.br\/#\/schema\/person\/6855aa9b88f9c59557d49afae67edd5b\"},\"headline\":\"J\u00e1 s\u00e3o oito os engenheiros com registro profissional cassado por responsabilidade no rompimento da barragem de Brumadinho\",\"datePublished\":\"2025-08-27T18:42:26+00:00\",\"dateModified\":\"2025-08-27T18:45:37+00:00\",\"mainEntityOfPage\":{\"@id\":\"https:\/\/obspenalbrumadinho.com.br\/en\/ja-sao-oito-os-engenheiros-com-registro-cassado-por-responsabilidade-no-rompimento-da-barragem-de-brumadinho\/\"},\"wordCount\":236,\"commentCount\":0,\"publisher\":{\"@id\":\"https:\/\/obspenalbrumadinho.com.br\/#organization\"},\"image\":{\"@id\":\"https:\/\/obspenalbrumadinho.com.br\/en\/ja-sao-oito-os-engenheiros-com-registro-cassado-por-responsabilidade-no-rompimento-da-barragem-de-brumadinho\/#primaryimage\"},\"thumbnailUrl\":\"https:\/\/obspenalbrumadinho.com.br\/wp-content\/uploads\/2025\/08\/Foto-Mauro-Pimentel-AFP.jpg\",\"keywords\":[\"Jornada Por Justi\u00e7a\",\"justi\u00e7a por brumadinho\"],\"articleSection\":[\"6 anos Brumadinho\",\"Activities in Brumadinho\"],\"inLanguage\":\"en-US\",\"potentialAction\":[{\"@type\":\"CommentAction\",\"name\":\"Comment\",\"target\":[\"https:\/\/obspenalbrumadinho.com.br\/en\/ja-sao-oito-os-engenheiros-com-registro-cassado-por-responsabilidade-no-rompimento-da-barragem-de-brumadinho\/#respond\"]}]},{\"@type\":\"WebPage\",\"@id\":\"https:\/\/obspenalbrumadinho.com.br\/en\/ja-sao-oito-os-engenheiros-com-registro-cassado-por-responsabilidade-no-rompimento-da-barragem-de-brumadinho\/\",\"url\":\"https:\/\/obspenalbrumadinho.com.br\/en\/ja-sao-oito-os-engenheiros-com-registro-cassado-por-responsabilidade-no-rompimento-da-barragem-de-brumadinho\/\",\"name\":\"J\u00e1 s\u00e3o oito os engenheiros com registro profissional cassado por responsabilidade no rompimento da barragem de Brumadinho - Observat\u00f3rio das A\u00e7\u00f5es Penais sobre a Trag\u00e9dia de Brumadinho\",\"isPartOf\":{\"@id\":\"https:\/\/obspenalbrumadinho.com.br\/#website\"},\"primaryImageOfPage\":{\"@id\":\"https:\/\/obspenalbrumadinho.com.br\/en\/ja-sao-oito-os-engenheiros-com-registro-cassado-por-responsabilidade-no-rompimento-da-barragem-de-brumadinho\/#primaryimage\"},\"image\":{\"@id\":\"https:\/\/obspenalbrumadinho.com.br\/en\/ja-sao-oito-os-engenheiros-com-registro-cassado-por-responsabilidade-no-rompimento-da-barragem-de-brumadinho\/#primaryimage\"},\"thumbnailUrl\":\"https:\/\/obspenalbrumadinho.com.br\/wp-content\/uploads\/2025\/08\/Foto-Mauro-Pimentel-AFP.jpg\",\"datePublished\":\"2025-08-27T18:42:26+00:00\",\"dateModified\":\"2025-08-27T18:45:37+00:00\",\"description\":\"Oito engenheiros tiveram o registro cassado pelo CREA-MG por responsabilidade no rompimento da barragem de Brumadinho. Veja os nomes e detalhes.\",\"breadcrumb\":{\"@id\":\"https:\/\/obspenalbrumadinho.com.br\/en\/ja-sao-oito-os-engenheiros-com-registro-cassado-por-responsabilidade-no-rompimento-da-barragem-de-brumadinho\/#breadcrumb\"},\"inLanguage\":\"en-US\",\"potentialAction\":[{\"@type\":\"ReadAction\",\"target\":[\"https:\/\/obspenalbrumadinho.com.br\/en\/ja-sao-oito-os-engenheiros-com-registro-cassado-por-responsabilidade-no-rompimento-da-barragem-de-brumadinho\/\"]}]},{\"@type\":\"ImageObject\",\"inLanguage\":\"en-US\",\"@id\":\"https:\/\/obspenalbrumadinho.com.br\/en\/ja-sao-oito-os-engenheiros-com-registro-cassado-por-responsabilidade-no-rompimento-da-barragem-de-brumadinho\/#primaryimage\",\"url\":\"https:\/\/obspenalbrumadinho.com.br\/wp-content\/uploads\/2025\/08\/Foto-Mauro-Pimentel-AFP.jpg\",\"contentUrl\":\"https:\/\/obspenalbrumadinho.com.br\/wp-content\/uploads\/2025\/08\/Foto-Mauro-Pimentel-AFP.jpg\",\"width\":1500,\"height\":1000,\"caption\":\"Foto Mauro Pimentel-AFP\"},{\"@type\":\"BreadcrumbList\",\"@id\":\"https:\/\/obspenalbrumadinho.com.br\/en\/ja-sao-oito-os-engenheiros-com-registro-cassado-por-responsabilidade-no-rompimento-da-barragem-de-brumadinho\/#breadcrumb\",\"itemListElement\":[{\"@type\":\"ListItem\",\"position\":1,\"name\":\"Home\",\"item\":\"https:\/\/obspenalbrumadinho.com.br\/en\/\"},{\"@type\":\"ListItem\",\"position\":2,\"name\":\"J\u00e1 s\u00e3o oito os engenheiros com registro profissional cassado por responsabilidade no rompimento da barragem de Brumadinho\"}]},{\"@type\":\"WebSite\",\"@id\":\"https:\/\/obspenalbrumadinho.com.br\/#website\",\"url\":\"https:\/\/obspenalbrumadinho.com.br\/\",\"name\":\"Observat\u00f3rio das A\u00e7\u00f5es Penais sobre a Trag\u00e9dia de Brumadinho\",\"description\":\"Observat\u00f3rio das a\u00e7\u00f5es penais sobre a trag\u00e9dia de Brumadinho: acompanhe processos criminais no Brasil e na Alemanha, acervo online e not\u00edcias em defesa da justi\u00e7a.\",\"publisher\":{\"@id\":\"https:\/\/obspenalbrumadinho.com.br\/#organization\"},\"potentialAction\":[{\"@type\":\"SearchAction\",\"target\":{\"@type\":\"EntryPoint\",\"urlTemplate\":\"https:\/\/obspenalbrumadinho.com.br\/?s={search_term_string}\"},\"query-input\":{\"@type\":\"PropertyValueSpecification\",\"valueRequired\":true,\"valueName\":\"search_term_string\"}}],\"inLanguage\":\"en-US\"},{\"@type\":\"Organization\",\"@id\":\"https:\/\/obspenalbrumadinho.com.br\/#organization\",\"name\":\"Observat\u00f3rio das A\u00e7\u00f5es Penais sobre a Trag\u00e9dia de Brumadinho\",\"url\":\"https:\/\/obspenalbrumadinho.com.br\/\",\"logo\":{\"@type\":\"ImageObject\",\"inLanguage\":\"en-US\",\"@id\":\"https:\/\/obspenalbrumadinho.com.br\/#\/schema\/logo\/image\/\",\"url\":\"https:\/\/obspenalbrumadinho.com.br\/wp-content\/uploads\/2026\/02\/OBS-Logo-2025_Horizontal-1-scaled.png\",\"contentUrl\":\"https:\/\/obspenalbrumadinho.com.br\/wp-content\/uploads\/2026\/02\/OBS-Logo-2025_Horizontal-1-scaled.png\",\"width\":2560,\"height\":1098,\"caption\":\"Observat\u00f3rio das A\u00e7\u00f5es Penais sobre a Trag\u00e9dia de Brumadinho\"},\"image\":{\"@id\":\"https:\/\/obspenalbrumadinho.com.br\/#\/schema\/logo\/image\/\"}},{\"@type\":\"Person\",\"@id\":\"https:\/\/obspenalbrumadinho.com.br\/#\/schema\/person\/6855aa9b88f9c59557d49afae67edd5b\",\"name\":\"B\u00e1rbara Lu\u00edza\",\"image\":{\"@type\":\"ImageObject\",\"inLanguage\":\"en-US\",\"@id\":\"https:\/\/obspenalbrumadinho.com.br\/#\/schema\/person\/image\/\",\"url\":\"https:\/\/secure.gravatar.com\/avatar\/193c6c1ae50972eb0d7d95c5cb50f6359dd3af889bc017b18fd8758251c5a77f?s=96&d=mm&r=g\",\"contentUrl\":\"https:\/\/secure.gravatar.com\/avatar\/193c6c1ae50972eb0d7d95c5cb50f6359dd3af889bc017b18fd8758251c5a77f?s=96&d=mm&r=g\",\"caption\":\"B\u00e1rbara Lu\u00edza\"},\"sameAs\":[\"http:\/\/obspenalbrumadinho.com.br\"],\"url\":\"https:\/\/obspenalbrumadinho.com.br\/en\/author\/barbara\/\"}]}<\/script>\n<!-- \/ Yoast SEO plugin. -->","yoast_head_json":{"title":"J\u00e1 s\u00e3o oito os engenheiros com registro profissional cassado por responsabilidade no rompimento da barragem de Brumadinho - Observat\u00f3rio das A\u00e7\u00f5es Penais sobre a Trag\u00e9dia de Brumadinho","description":"Oito engenheiros tiveram o registro cassado pelo CREA-MG por responsabilidade no rompimento da barragem de Brumadinho. Veja os nomes e detalhes.","robots":{"index":"index","follow":"follow","max-snippet":"max-snippet:-1","max-image-preview":"max-image-preview:large","max-video-preview":"max-video-preview:-1"},"canonical":"https:\/\/obspenalbrumadinho.com.br\/en\/ja-sao-oito-os-engenheiros-com-registro-cassado-por-responsabilidade-no-rompimento-da-barragem-de-brumadinho\/","og_locale":"en_US","og_type":"article","og_title":"J\u00e1 s\u00e3o oito os engenheiros com registro profissional cassado por responsabilidade no rompimento da barragem de Brumadinho - Observat\u00f3rio das A\u00e7\u00f5es Penais sobre a Trag\u00e9dia de Brumadinho","og_description":"Oito engenheiros tiveram o registro cassado pelo CREA-MG por responsabilidade no rompimento da barragem de Brumadinho. Veja os nomes e detalhes.","og_url":"https:\/\/obspenalbrumadinho.com.br\/en\/ja-sao-oito-os-engenheiros-com-registro-cassado-por-responsabilidade-no-rompimento-da-barragem-de-brumadinho\/","og_site_name":"Observat\u00f3rio das A\u00e7\u00f5es Penais sobre a Trag\u00e9dia de Brumadinho","article_published_time":"2025-08-27T18:42:26+00:00","article_modified_time":"2025-08-27T18:45:37+00:00","og_image":[{"width":1500,"height":1000,"url":"https:\/\/obspenalbrumadinho.com.br\/wp-content\/uploads\/2025\/08\/Foto-Mauro-Pimentel-AFP.jpg","type":"image\/jpeg"}],"author":"B\u00e1rbara Lu\u00edza","twitter_card":"summary_large_image","twitter_misc":{"Written by":"B\u00e1rbara Lu\u00edza","Est. reading time":"2 minutes"},"schema":{"@context":"https:\/\/schema.org","@graph":[{"@type":"Article","@id":"https:\/\/obspenalbrumadinho.com.br\/en\/ja-sao-oito-os-engenheiros-com-registro-cassado-por-responsabilidade-no-rompimento-da-barragem-de-brumadinho\/#article","isPartOf":{"@id":"https:\/\/obspenalbrumadinho.com.br\/en\/ja-sao-oito-os-engenheiros-com-registro-cassado-por-responsabilidade-no-rompimento-da-barragem-de-brumadinho\/"},"author":{"name":"B\u00e1rbara Lu\u00edza","@id":"https:\/\/obspenalbrumadinho.com.br\/#\/schema\/person\/6855aa9b88f9c59557d49afae67edd5b"},"headline":"J\u00e1 s\u00e3o oito os engenheiros com registro profissional cassado por responsabilidade no rompimento da barragem de Brumadinho","datePublished":"2025-08-27T18:42:26+00:00","dateModified":"2025-08-27T18:45:37+00:00","mainEntityOfPage":{"@id":"https:\/\/obspenalbrumadinho.com.br\/en\/ja-sao-oito-os-engenheiros-com-registro-cassado-por-responsabilidade-no-rompimento-da-barragem-de-brumadinho\/"},"wordCount":236,"commentCount":0,"publisher":{"@id":"https:\/\/obspenalbrumadinho.com.br\/#organization"},"image":{"@id":"https:\/\/obspenalbrumadinho.com.br\/en\/ja-sao-oito-os-engenheiros-com-registro-cassado-por-responsabilidade-no-rompimento-da-barragem-de-brumadinho\/#primaryimage"},"thumbnailUrl":"https:\/\/obspenalbrumadinho.com.br\/wp-content\/uploads\/2025\/08\/Foto-Mauro-Pimentel-AFP.jpg","keywords":["Jornada Por Justi\u00e7a","justi\u00e7a por brumadinho"],"articleSection":["6 anos Brumadinho","Activities in Brumadinho"],"inLanguage":"en-US","potentialAction":[{"@type":"CommentAction","name":"Comment","target":["https:\/\/obspenalbrumadinho.com.br\/en\/ja-sao-oito-os-engenheiros-com-registro-cassado-por-responsabilidade-no-rompimento-da-barragem-de-brumadinho\/#respond"]}]},{"@type":"WebPage","@id":"https:\/\/obspenalbrumadinho.com.br\/en\/ja-sao-oito-os-engenheiros-com-registro-cassado-por-responsabilidade-no-rompimento-da-barragem-de-brumadinho\/","url":"https:\/\/obspenalbrumadinho.com.br\/en\/ja-sao-oito-os-engenheiros-com-registro-cassado-por-responsabilidade-no-rompimento-da-barragem-de-brumadinho\/","name":"J\u00e1 s\u00e3o oito os engenheiros com registro profissional cassado por responsabilidade no rompimento da barragem de Brumadinho - Observat\u00f3rio das A\u00e7\u00f5es Penais sobre a Trag\u00e9dia de Brumadinho","isPartOf":{"@id":"https:\/\/obspenalbrumadinho.com.br\/#website"},"primaryImageOfPage":{"@id":"https:\/\/obspenalbrumadinho.com.br\/en\/ja-sao-oito-os-engenheiros-com-registro-cassado-por-responsabilidade-no-rompimento-da-barragem-de-brumadinho\/#primaryimage"},"image":{"@id":"https:\/\/obspenalbrumadinho.com.br\/en\/ja-sao-oito-os-engenheiros-com-registro-cassado-por-responsabilidade-no-rompimento-da-barragem-de-brumadinho\/#primaryimage"},"thumbnailUrl":"https:\/\/obspenalbrumadinho.com.br\/wp-content\/uploads\/2025\/08\/Foto-Mauro-Pimentel-AFP.jpg","datePublished":"2025-08-27T18:42:26+00:00","dateModified":"2025-08-27T18:45:37+00:00","description":"Oito engenheiros tiveram o registro cassado pelo CREA-MG por responsabilidade no rompimento da barragem de Brumadinho. Veja os nomes e detalhes.","breadcrumb":{"@id":"https:\/\/obspenalbrumadinho.com.br\/en\/ja-sao-oito-os-engenheiros-com-registro-cassado-por-responsabilidade-no-rompimento-da-barragem-de-brumadinho\/#breadcrumb"},"inLanguage":"en-US","potentialAction":[{"@type":"ReadAction","target":["https:\/\/obspenalbrumadinho.com.br\/en\/ja-sao-oito-os-engenheiros-com-registro-cassado-por-responsabilidade-no-rompimento-da-barragem-de-brumadinho\/"]}]},{"@type":"ImageObject","inLanguage":"en-US","@id":"https:\/\/obspenalbrumadinho.com.br\/en\/ja-sao-oito-os-engenheiros-com-registro-cassado-por-responsabilidade-no-rompimento-da-barragem-de-brumadinho\/#primaryimage","url":"https:\/\/obspenalbrumadinho.com.br\/wp-content\/uploads\/2025\/08\/Foto-Mauro-Pimentel-AFP.jpg","contentUrl":"https:\/\/obspenalbrumadinho.com.br\/wp-content\/uploads\/2025\/08\/Foto-Mauro-Pimentel-AFP.jpg","width":1500,"height":1000,"caption":"Foto Mauro Pimentel-AFP"},{"@type":"BreadcrumbList","@id":"https:\/\/obspenalbrumadinho.com.br\/en\/ja-sao-oito-os-engenheiros-com-registro-cassado-por-responsabilidade-no-rompimento-da-barragem-de-brumadinho\/#breadcrumb","itemListElement":[{"@type":"ListItem","position":1,"name":"Home","item":"https:\/\/obspenalbrumadinho.com.br\/en\/"},{"@type":"ListItem","position":2,"name":"J\u00e1 s\u00e3o oito os engenheiros com registro profissional cassado por responsabilidade no rompimento da barragem de Brumadinho"}]},{"@type":"WebSite","@id":"https:\/\/obspenalbrumadinho.com.br\/#website","url":"https:\/\/obspenalbrumadinho.com.br\/","name":"Observat\u00f3rio das A\u00e7\u00f5es Penais sobre a Trag\u00e9dia de Brumadinho","description":"Observat\u00f3rio das a\u00e7\u00f5es penais sobre a trag\u00e9dia de Brumadinho: acompanhe processos criminais no Brasil e na Alemanha, acervo online e not\u00edcias em defesa da justi\u00e7a.","publisher":{"@id":"https:\/\/obspenalbrumadinho.com.br\/#organization"},"potentialAction":[{"@type":"SearchAction","target":{"@type":"EntryPoint","urlTemplate":"https:\/\/obspenalbrumadinho.com.br\/?s={search_term_string}"},"query-input":{"@type":"PropertyValueSpecification","valueRequired":true,"valueName":"search_term_string"}}],"inLanguage":"en-US"},{"@type":"Organization","@id":"https:\/\/obspenalbrumadinho.com.br\/#organization","name":"Observat\u00f3rio das A\u00e7\u00f5es Penais sobre a Trag\u00e9dia de Brumadinho","url":"https:\/\/obspenalbrumadinho.com.br\/","logo":{"@type":"ImageObject","inLanguage":"en-US","@id":"https:\/\/obspenalbrumadinho.com.br\/#\/schema\/logo\/image\/","url":"https:\/\/obspenalbrumadinho.com.br\/wp-content\/uploads\/2026\/02\/OBS-Logo-2025_Horizontal-1-scaled.png","contentUrl":"https:\/\/obspenalbrumadinho.com.br\/wp-content\/uploads\/2026\/02\/OBS-Logo-2025_Horizontal-1-scaled.png","width":2560,"height":1098,"caption":"Observat\u00f3rio das A\u00e7\u00f5es Penais sobre a Trag\u00e9dia de Brumadinho"},"image":{"@id":"https:\/\/obspenalbrumadinho.com.br\/#\/schema\/logo\/image\/"}},{"@type":"Person","@id":"https:\/\/obspenalbrumadinho.com.br\/#\/schema\/person\/6855aa9b88f9c59557d49afae67edd5b","name":"B\u00e1rbara Lu\u00edza","image":{"@type":"ImageObject","inLanguage":"en-US","@id":"https:\/\/obspenalbrumadinho.com.br\/#\/schema\/person\/image\/","url":"https:\/\/secure.gravatar.com\/avatar\/193c6c1ae50972eb0d7d95c5cb50f6359dd3af889bc017b18fd8758251c5a77f?s=96&d=mm&r=g","contentUrl":"https:\/\/secure.gravatar.com\/avatar\/193c6c1ae50972eb0d7d95c5cb50f6359dd3af889bc017b18fd8758251c5a77f?s=96&d=mm&r=g","caption":"B\u00e1rbara Lu\u00edza"},"sameAs":["http:\/\/obspenalbrumadinho.com.br"],"url":"https:\/\/obspenalbrumadinho.com.br\/en\/author\/barbara\/"}]}},"_links":{"self":[{"href":"https:\/\/obspenalbrumadinho.com.br\/en\/wp-json\/wp\/v2\/posts\/3816","targetHints":{"allow":["GET"]}}],"collection":[{"href":"https:\/\/obspenalbrumadinho.com.br\/en\/wp-json\/wp\/v2\/posts"}],"about":[{"href":"https:\/\/obspenalbrumadinho.com.br\/en\/wp-json\/wp\/v2\/types\/post"}],"author":[{"embeddable":true,"href":"https:\/\/obspenalbrumadinho.com.br\/en\/wp-json\/wp\/v2\/users\/5"}],"replies":[{"embeddable":true,"href":"https:\/\/obspenalbrumadinho.com.br\/en\/wp-json\/wp\/v2\/comments?post=3816"}],"version-history":[{"count":2,"href":"https:\/\/obspenalbrumadinho.com.br\/en\/wp-json\/wp\/v2\/posts\/3816\/revisions"}],"predecessor-version":[{"id":3820,"href":"https:\/\/obspenalbrumadinho.com.br\/en\/wp-json\/wp\/v2\/posts\/3816\/revisions\/3820"}],"wp:featuredmedia":[{"embeddable":true,"href":"https:\/\/obspenalbrumadinho.com.br\/en\/wp-json\/wp\/v2\/media\/3813"}],"wp:attachment":[{"href":"https:\/\/obspenalbrumadinho.com.br\/en\/wp-json\/wp\/v2\/media?parent=3816"}],"wp:term":[{"taxonomy":"category","embeddable":true,"href":"https:\/\/obspenalbrumadinho.com.br\/en\/wp-json\/wp\/v2\/categories?post=3816"},{"taxonomy":"post_tag","embeddable":true,"href":"https:\/\/obspenalbrumadinho.com.br\/en\/wp-json\/wp\/v2\/tags?post=3816"}],"curies":[{"name":"wp","href":"https:\/\/api.w.org\/{rel}","templated":true}]}}